{"id":37881,"date":"2022-05-31T05:57:09","date_gmt":"2022-05-31T05:57:09","guid":{"rendered":"https:\/\/chicagodesavanja.us\/vreme-je-da-odamo-pocast\/"},"modified":"2022-05-31T05:57:09","modified_gmt":"2022-05-31T05:57:09","slug":"vreme-je-da-odamo-pocast","status":"publish","type":"post","link":"https:\/\/chicagodesavanja.us\/en\/vesti\/vreme-je-da-odamo-pocast\/","title":{"rendered":"Memorial Day: \u0160ta zna\u010di ova komemoracija?"},"content":{"rendered":"<p class=\"wp-block-paragraph\">Stotine ljudi okupilo se u nedelju 29. maja u oblasti tri dr\u017eave da oda po\u010dast palim vojnicima i njihovim porodicama. \u201eVreme je da odamo po\u010dast onima koji su dali sve za ovu zemlju&#8217;\u201c, rekao je Ken Maiese iz Society Hill-a. Lokalne veteranske grupe polo\u017eile su vence, salutirale pu\u0161kama i igrale TAPS u Williamstown-u, Gloucester okrug, i Pennsauken-u Camden okrug.<\/p>\n\n\n\n<p class=\"wp-block-paragraph\">Kongres je Memorial Day proglasio nacionalnim praznikom 1971. godine. U po\u010detku je bio poznat kao \u201eDecoration Day\u201c u \u010dast palim vojnicima nakon gra\u0111anskog rata. Za Josh Jabin-a iz Travis Manion fondacije, ovaj vikend slu\u017ei kao podsetnik na prijatelje koje je izgubio u marinci.<\/p>\n\n\n\n<figure class=\"wp-block-embed is-type-rich is-provider-twitter wp-block-embed-twitter\"><div class=\"wp-block-embed__wrapper\">\n<blockquote class=\"twitter-tweet\" data-width=\"500\" data-dnt=\"true\"><p lang=\"en\" dir=\"ltr\">As a part of a decades-long tradition, soldiers from the <a href=\"https:\/\/x.com\/USArmyOldGuard?ref_src=twsrc%5Etfw\">@USArmyOldGuard<\/a> place a U.S. flag at every gravesite, columbarium and niche wall ahead of Memorial Day at ANC.<br><br>This tradition has taken place annually for decades and every available soldier in the Old Guard participates. <a href=\"https:\/\/t.co\/V7ArgA77UT\">pic.twitter.com\/V7ArgA77UT<\/a><\/p>&mdash; Arlington National Cemetery (@ArlingtonNatl) <a href=\"https:\/\/x.com\/ArlingtonNatl\/status\/1530172286002659328?ref_src=twsrc%5Etfw\">May 27, 2022<\/a><\/blockquote><script async src=\"https:\/\/platform.x.com\/widgets.js\" charset=\"utf-8\"><\/script>\n<\/div><\/figure>\n\n\n\n<p class=\"wp-block-paragraph\">&#8222;Govorim o celom \u017eivotu tih palih heroja, ne samo o poslednjem danu, ve\u0107 o tome kako su \u017eiveli i o primeru koji su dali. Primer da se \u017eivi sa karakterom, da se ima integritet, da se rade prave stvari u svakom trenutku&#8220;, rekao je Jabin. Fondacija razvija \u201eprograme i mogu\u0107nosti obuke osmi\u0161ljene da osna\u017ee veterane i porodice poginulih i inspiri\u0161e ih da svoje vrednosti prenesu na slede\u0107u generaciju\u201c.<\/p>\n\n\n\n<figure class=\"wp-block-embed is-type-rich is-provider-twitter wp-block-embed-twitter\"><div class=\"wp-block-embed__wrapper\">\n<blockquote class=\"twitter-tweet\" data-width=\"500\" data-dnt=\"true\"><p lang=\"en\" dir=\"ltr\">A Gold Star Dad with his Son <br>Remember what Memorial Day is really about &#8230; <a href=\"https:\/\/t.co\/oPwzQDZtdk\">pic.twitter.com\/oPwzQDZtdk<\/a><\/p>&mdash; Thomas Paine (@Thomas1774Paine) <a href=\"https:\/\/x.com\/Thomas1774Paine\/status\/1530711206276653056?ref_src=twsrc%5Etfw\">May 29, 2022<\/a><\/blockquote><script async src=\"https:\/\/platform.x.com\/widgets.js\" charset=\"utf-8\"><\/script>\n<\/div><\/figure>\n\n\n\n<p class=\"wp-block-paragraph\">Jabin je rekao da je Memorial Day poseban za porodice Gold Star jer cela zemlja priznaje \u017ertve koje je podneo okrug. \u201eSvi bi \u017eeleli da se zabavimo ovog vikenda. Ali kako se zabavljamo, dok slavimo ovaj trenutak sa na\u0161im porodicama, nadam se da svi mo\u017eemo prepoznati te ljude koji nam omogu\u0107avaju da \u017eivimo na\u0161im na\u010dinom \u017eivota.\u201c rekao je Jabin.<\/p>\n\n\n\n<p class=\"wp-block-paragraph\" style=\"font-size:10px\">SOURCE: <a href=\"https:\/\/www.marca.com\/en\/lifestyle\/us-news\/2022\/05\/30\/629538e122601d3b6f8b4584.html\" target=\"_blank\" rel=\"noreferrer noopener\">MARCA <\/a>| FOTO: MARCA<\/p>","protected":false},"excerpt":{"rendered":"<p>Stotine ljudi okupilo se u nedelju 29. maja u oblasti tri dr\u017eave da oda po\u010dast palim vojnicima i njihovim porodicama. \u201eVreme je da odamo po\u010dast onima koji su dali sve za ovu zemlju&#8217;\u201c, rekao je Ken Maiese iz Society Hill-a. Lokalne veteranske grupe polo\u017eile su vence, salutirale pu\u0161kama i igrale TAPS u Williamstown-u, Gloucester okrug, [&hellip;]<\/p>\n","protected":false},"author":3,"featured_media":0,"comment_status":"","ping_status":"","sticky":false,"template":"","format":"standard","meta":{"footnotes":""},"categories":[368,369],"tags":[538,1022,53796,14884,29674,1154,568],"class_list":["post-37881","post","type-post","status-publish","format-standard","hentry","category-vesti-amerika","category-vesti","tag-amerika","tag-memorial-day","tag-pocast-poginulima","tag-praznici","tag-praznicni-vikend","tag-rat","tag-sad"],"_links":{"self":[{"href":"https:\/\/chicagodesavanja.us\/en\/wp-json\/wp\/v2\/posts\/37881","targetHints":{"allow":["GET"]}}],"collection":[{"href":"https:\/\/chicagodesavanja.us\/en\/wp-json\/wp\/v2\/posts"}],"about":[{"href":"https:\/\/chicagodesavanja.us\/en\/wp-json\/wp\/v2\/types\/post"}],"author":[{"embeddable":true,"href":"https:\/\/chicagodesavanja.us\/en\/wp-json\/wp\/v2\/users\/3"}],"replies":[{"embeddable":true,"href":"https:\/\/chicagodesavanja.us\/en\/wp-json\/wp\/v2\/comments?post=37881"}],"version-history":[{"count":0,"href":"https:\/\/chicagodesavanja.us\/en\/wp-json\/wp\/v2\/posts\/37881\/revisions"}],"wp:attachment":[{"href":"https:\/\/chicagodesavanja.us\/en\/wp-json\/wp\/v2\/media?parent=37881"}],"wp:term":[{"taxonomy":"category","embeddable":true,"href":"https:\/\/chicagodesavanja.us\/en\/wp-json\/wp\/v2\/categories?post=37881"},{"taxonomy":"post_tag","embeddable":true,"href":"https:\/\/chicagodesavanja.us\/en\/wp-json\/wp\/v2\/tags?post=37881"}],"curies":[{"name":"WP","href":"https:\/\/api.w.org\/{rel}","templated":true}]}}