{"id":37848,"date":"2022-06-02T06:47:18","date_gmt":"2022-06-02T06:47:18","guid":{"rendered":"https:\/\/chicagodesavanja.us\/vojnom-paradom-u-londonu-pocela-proslava\/"},"modified":"2022-06-02T06:47:18","modified_gmt":"2022-06-02T06:47:18","slug":"vojnom-paradom-u-londonu-pocela-proslava","status":"publish","type":"post","link":"https:\/\/chicagodesavanja.us\/en\/vesti\/vojnom-paradom-u-londonu-pocela-proslava\/","title":{"rendered":"Vojnom paradom u Londonu po\u010dela proslava 70. godi\u0161njice vladavine kraljice Elizabete"},"content":{"rendered":"<p class=\"wp-block-paragraph\">Proslava sedam decenija vladavine britanske kraljice Elizabete Druge zvani\u010dno je po\u010dela na njen zvani\u010dni ro\u0111endan 2. jun vojnom paradom u centru Londona.<\/p>\n\n\n\n<p class=\"wp-block-paragraph\">Vojna parada se odr\u017eava svake godine na zvani\u010dan ro\u0111endan suverena pod nazivom &#8222;Defile zastava&#8220;.<\/p>\n\n\n\n<p class=\"wp-block-paragraph\">Parada je po\u010dela izlaskom triju ko\u010dija iz Bakingemske palate.<\/p>\n\n\n\n<p class=\"wp-block-paragraph\">U prvoj su se nalazili vojvotkinja od Kornvola Kamila i vojvotkinja od Kembrid\u017ea sa decom princem D\u017eord\u017eom, princezom \u0160arlotom i princem Lujem.<\/p>\n\n\n\n<p class=\"wp-block-paragraph\">To je prvi put da su se sva deca princa Vilijama pojavila na ovako zna\u010dajnom doga\u0111aju.<\/p>\n\n\n\n<p class=\"wp-block-paragraph\">Ko\u010dija ih je du\u017e Mala i parka Svetog D\u017eejmsa odvezla do sedi\u0161ta kraljevske konji\u010dke garde odakle \u0107e posmatrati ceremoniju iz kancelarije, koja je nekada pripadala pobedniku bitke kod Vaterloa &#8211; vojvodi od Velingtona.<\/p>\n\n\n\n<p class=\"wp-block-paragraph\">Zatim su iz Bakingemske palate izjahali prestolonaslednik princ \u010carls sa sestrom kraljevskom princezom Anom i sinom princem Vilijamom.<\/p>\n\n\n\n<p class=\"wp-block-paragraph\">Princ od Velsa i vojvoda od Kembrid\u017ea su pukovnici Vel\u0161ke i Irske garde, koja tako\u0111e tradicionalno u\u010destvuje u ovoj vojnoj smotri.<\/p>\n\n\n\n<p class=\"wp-block-paragraph\">&#8222;Defile zastava&#8220; nije odr\u017ean u poslednje dve godine zbog restrikcija, uzrokovanih pandemijom kovida 19.<\/p>\n\n\n\n<p class=\"wp-block-paragraph\">Ina\u010de, tradicija je od 17. veka, a u dana\u0161njem obliku odr\u017eava se od vladavine kralja D\u017eord\u017ea \u0160estog &#8211; oca kraljice Elizabete Druge.<\/p>\n\n\n\n<p class=\"wp-block-paragraph\">Sama kraljica po prvi put ne u\u010destvuje u paradi.<\/p>\n\n\n\n<p class=\"wp-block-paragraph\">Umesto nje je smotru pe\u0161adijske i konji\u010dke garde izvr\u0161io princ od Velsa \u010carls.<\/p>\n\n\n\n<p class=\"wp-block-paragraph\">Sama kraljica bila je u istoj ulozi 1951. godine kada je izvr\u0161ila smotru umesto oca kralja D\u017eord\u017ea \u0160estog.<\/p>\n\n\n\n<p class=\"wp-block-paragraph\">Ova vojna parada prava je poslastica za ljubitelje konji\u010dkih sportova, ali i jedinstvena prilika da se vodi i \u010duje konji\u010dki vojni orkestar Irske garde, a posebno njegovi bubnjari na konjima.<\/p>\n\n\n\n<p class=\"wp-block-paragraph\">Londonska Metropoliten policija saop\u0161tava da je uhapsila nekoliko osoba na Malu &#8211; ulici koja vodi od Bakingemske palate do sedi\u0161ta kraljevske Konji\u010dke garde, jer su poku\u0161ale da upadnu u konji\u010dki defile.<\/p>\n\n\n\n<p class=\"wp-block-paragraph\">Policija se zahvaljuje svim gra\u0111anima, koji su pomogli u privo\u0111enjima.<\/p>\n\n\n\n<p class=\"wp-block-paragraph\"><\/p>\n\n\n\n<p class=\"wp-block-paragraph\" style=\"font-size:10px\">SOURCE: <a href=\"https:\/\/www.rts.rs\/page\/stories\/sr\/story\/10\/svet\/4837354\/elizabeta-druga-vojna-parada-london.html\" target=\"_blank\" rel=\"noreferrer noopener\">RTS<\/a> PHOTO: SCREENSHOT<\/p>","protected":false},"excerpt":{"rendered":"<p>Proslava sedam decenija vladavine britanske kraljice Elizabete Druge zvani\u010dno je po\u010dela na njen zvani\u010dni ro\u0111endan 2. jun vojnom paradom u centru Londona. Vojna parada se odr\u017eava svake godine na zvani\u010dan ro\u0111endan suverena pod nazivom &#8222;Defile zastava&#8220;. Parada je po\u010dela izlaskom triju ko\u010dija iz Bakingemske palate. U prvoj su se nalazili vojvotkinja od Kornvola Kamila i [&hellip;]<\/p>\n","protected":false},"author":4,"featured_media":0,"comment_status":"","ping_status":"","sticky":false,"template":"","format":"standard","meta":{"footnotes":""},"categories":[431,369],"tags":[53742,17729,43764,48548,46439,53743,6646,28478],"class_list":["post-37848","post","type-post","status-publish","format-standard","hentry","category-svet","category-vesti","tag-70-godina","tag-engleska","tag-engleska-kraljica","tag-kraljica-elizabeta","tag-kraljica-elizabeta-druga","tag-sedam-decenija","tag-velika-britanija","tag-vojna-parada"],"_links":{"self":[{"href":"https:\/\/chicagodesavanja.us\/en\/wp-json\/wp\/v2\/posts\/37848","targetHints":{"allow":["GET"]}}],"collection":[{"href":"https:\/\/chicagodesavanja.us\/en\/wp-json\/wp\/v2\/posts"}],"about":[{"href":"https:\/\/chicagodesavanja.us\/en\/wp-json\/wp\/v2\/types\/post"}],"author":[{"embeddable":true,"href":"https:\/\/chicagodesavanja.us\/en\/wp-json\/wp\/v2\/users\/4"}],"replies":[{"embeddable":true,"href":"https:\/\/chicagodesavanja.us\/en\/wp-json\/wp\/v2\/comments?post=37848"}],"version-history":[{"count":0,"href":"https:\/\/chicagodesavanja.us\/en\/wp-json\/wp\/v2\/posts\/37848\/revisions"}],"wp:attachment":[{"href":"https:\/\/chicagodesavanja.us\/en\/wp-json\/wp\/v2\/media?parent=37848"}],"wp:term":[{"taxonomy":"category","embeddable":true,"href":"https:\/\/chicagodesavanja.us\/en\/wp-json\/wp\/v2\/categories?post=37848"},{"taxonomy":"post_tag","embeddable":true,"href":"https:\/\/chicagodesavanja.us\/en\/wp-json\/wp\/v2\/tags?post=37848"}],"curies":[{"name":"WP","href":"https:\/\/api.w.org\/{rel}","templated":true}]}}