{"id":37799,"date":"2022-06-19T06:14:00","date_gmt":"2022-06-19T06:14:00","guid":{"rendered":"https:\/\/chicagodesavanja.us\/od-recesije\/"},"modified":"2022-06-19T06:14:00","modified_gmt":"2022-06-19T06:14:00","slug":"od-recesije","status":"publish","type":"post","link":"https:\/\/chicagodesavanja.us\/en\/vesti\/od-recesije\/","title":{"rendered":"SAD: Strah od recesije i odlaska u prodavnice"},"content":{"rendered":"<p class=\"wp-block-paragraph\">Inflacija je najve\u0107i unutra\u0161nji problem u Sjedinjenim Dr\u017eavama, prema priznanju samog predsednika&nbsp;Bidena&nbsp;i ocenama 70 odsto anketiranih Amerikanaca. Dok na Wall Streat-u vlada strah od recesije, obi\u010dni gra\u0111ani strahuju od odlaska u samoposlugu ili na benzinsku pumpu.<\/p>\n\n\n\n<p class=\"wp-block-paragraph\">Strah od recesije je porastao po\u0161to je ameri\u010dka Centralna banka podigla osnovnu kamatnu stopu za 0,75 procenata &#8211; \u0161to je najve\u0107e pove\u0107anje u skoro tri decenije.<\/p>\n\n\n\n<p class=\"wp-block-paragraph\"><em>\u201cVisoka inflacija donosi zna\u010dajne te\u0161ko\u0107e, posebno onima kojima je najte\u017ee da plate visoke tro\u0161kove osnovnih stvari kao \u0161to su hrana, sme\u0161taj i prevoz\u201d<\/em>, poru\u010dio je predsednik Federalnih rezervi&nbsp;<strong>Gerom Pauel<\/strong>.<\/p>\n\n\n\n<p class=\"wp-block-paragraph\">Cene hrane su porasle za skoro 12%, benzin je skoro dva puta skuplji, a cene avio karata su porasle skoro 40% u odnosu na isti period pro\u0161le godine.<\/p>\n\n\n\n<p class=\"wp-block-paragraph\"><em>\u201cVerovatno pla\u0107am dobrih 50 do 75 dolara nedeljno vi\u0161e za osnovne namirnice\u201d,<\/em>&nbsp;ka\u017eu neki od potro\u0161a\u010da.<\/p>\n\n\n\n<p class=\"wp-block-paragraph\">Po\u0161to veliki deo ku\u0107nog bud\u017eeta sada odlazi na neophodne stavke kao \u0161to je benzin, Amerikanci \u0161tede na drugim stvarima, pa je maloprodaja u maju opala za 0,3 odsto.<\/p>\n\n\n\n<p class=\"wp-block-paragraph\"><em>&#8222;Postoji mnogo ekonomske neizvesnosti. Mislim da bi bilo mudro da pogledate koliko novca unosite u ku\u0107u, kolika vam je u\u0161te\u0111evina i da li imate odvojenu sumu za crne dane&#8220;,<\/em>&nbsp;preporuka je ekonomistkinje&nbsp;<strong>Eli Wolf.<\/strong><\/p>\n\n\n\n<p class=\"wp-block-paragraph\">Agresivnim pove\u0107anjem kamatne stope, Centralna banka \u017eeli da pomogne u stabilizaciji cena, ali to zna\u010di da \u0107e sve biti skuplje &#8211; od kredita za novi auto, preko kredita za ku\u0107u, gde je kamatna stopa ve\u0107 porasla sa 3 odsto iz januara na 6 procenata, do kamate na kreditnim karticama\u2026<\/p>\n\n\n\n<p class=\"wp-block-paragraph\">Predsednik Biden uputio je pismo direktorima veliki naftnih kompanija i okrivio pohlepu korporacija, uz rat u Ukrajini, za rekordno visoke cene benzina.<\/p>\n\n\n\n<p class=\"wp-block-paragraph\">Upozorio je da bi mogao da primeni svoja izvr\u0161na ovla\u0161\u0107enja da se pove\u0107a proizvodnja u rafinerijama, isti\u010du\u0107i da je neprihvatljivo da ameri\u010dke porodice direktno finansiraju profit naftnih kompanija koji je znatno ve\u0107i od uobi\u010dajenog. Me\u0111utim, rafinerije ve\u0107 rade skoro punim kapacitetom, a Bela ku\u0107a nije navela mnogo detalja o Bidenovom planu.<\/p>\n\n\n\n<p class=\"wp-block-paragraph\"><em>\u201cPozivamo ih da u\u010dine pravu stvar, da budu patriote i ne koriste rat kao izgovor\u201d,<\/em>&nbsp;naglasila je portparolka Bele ku\u0107e<strong>&nbsp;Karin \u017dan Pjer.<\/strong><\/p>\n\n\n\n<p class=\"wp-block-paragraph\">Me\u0111utim, Ameri\u010dki institut za naftu okrivio je Bidenovu politiku zalaganja za \u201czelenu energiju\u201d tvrde\u0107i da je inflaciji doprinela predsednikova pogre\u0161na agenda udaljavanja od doma\u0107e nafte i prirodnog gasa.<\/p>\n\n\n\n<p class=\"wp-block-paragraph\">\u0160to se ti\u010de rekordnih profita, kompanije su odgovorile da sada nadokna\u0111uju velike gubitke koje su pretrpele za vreme pandemije, kao \u0161to je gubitak od 22 milijarde dolara koji je Ekson Mobil prijavio 2020.<\/p>\n\n\n\n<p class=\"wp-block-paragraph\"><\/p>\n\n\n\n<p class=\"wp-block-paragraph\" style=\"font-size:10px\">SOURCE: <a href=\"https:\/\/www.glasamerike.net\/a\/6621999.html\" target=\"_blank\" rel=\"noreferrer noopener\">Voice of America<\/a> PHOTO: SCREENSHOT<\/p>","protected":false},"excerpt":{"rendered":"<p>Inflacija je najve\u0107i unutra\u0161nji problem u Sjedinjenim Dr\u017eavama, prema priznanju samog predsednika&nbsp;Bidena&nbsp;i ocenama 70 odsto anketiranih Amerikanaca. Dok na Wall Streat-u vlada strah od recesije, obi\u010dni gra\u0111ani strahuju od odlaska u samoposlugu ili na benzinsku pumpu. Strah od recesije je porastao po\u0161to je ameri\u010dka Centralna banka podigla osnovnu kamatnu stopu za 0,75 procenata &#8211; \u0161to [&hellip;]<\/p>\n","protected":false},"author":4,"featured_media":0,"comment_status":"","ping_status":"","sticky":false,"template":"","format":"standard","meta":{"footnotes":""},"categories":[368,369],"tags":[19283,538,4359,31969,2121,35903,25270,568],"class_list":["post-37799","post","type-post","status-publish","format-standard","hentry","category-vesti-amerika","category-vesti","tag-americka-centralna-banka","tag-amerika","tag-centralna-banka","tag-centralna-banka-sad","tag-inflacija","tag-prodavnice","tag-recesija","tag-sad"],"_links":{"self":[{"href":"https:\/\/chicagodesavanja.us\/en\/wp-json\/wp\/v2\/posts\/37799","targetHints":{"allow":["GET"]}}],"collection":[{"href":"https:\/\/chicagodesavanja.us\/en\/wp-json\/wp\/v2\/posts"}],"about":[{"href":"https:\/\/chicagodesavanja.us\/en\/wp-json\/wp\/v2\/types\/post"}],"author":[{"embeddable":true,"href":"https:\/\/chicagodesavanja.us\/en\/wp-json\/wp\/v2\/users\/4"}],"replies":[{"embeddable":true,"href":"https:\/\/chicagodesavanja.us\/en\/wp-json\/wp\/v2\/comments?post=37799"}],"version-history":[{"count":0,"href":"https:\/\/chicagodesavanja.us\/en\/wp-json\/wp\/v2\/posts\/37799\/revisions"}],"wp:attachment":[{"href":"https:\/\/chicagodesavanja.us\/en\/wp-json\/wp\/v2\/media?parent=37799"}],"wp:term":[{"taxonomy":"category","embeddable":true,"href":"https:\/\/chicagodesavanja.us\/en\/wp-json\/wp\/v2\/categories?post=37799"},{"taxonomy":"post_tag","embeddable":true,"href":"https:\/\/chicagodesavanja.us\/en\/wp-json\/wp\/v2\/tags?post=37799"}],"curies":[{"name":"WP","href":"https:\/\/api.w.org\/{rel}","templated":true}]}}