{"id":37740,"date":"2022-06-24T05:15:00","date_gmt":"2022-06-24T05:15:00","guid":{"rendered":"https:\/\/chicagodesavanja.us\/americki-predsednik-joe-biden-79-poznat-je-po-mnogobrojnim-gafovima-a-ovoga-puta-je-uspeo-ponovo-da-zagospodari-drustvenim-mrezama\/"},"modified":"2022-06-24T05:15:00","modified_gmt":"2022-06-24T05:15:00","slug":"americki-predsednik-joe-biden-79-poznat-je-po-mnogobrojnim-gafovima-a-ovoga-puta-je-uspeo-ponovo-da-zagospodari-drustvenim-mrezama","status":"publish","type":"post","link":"https:\/\/chicagodesavanja.us\/en\/vesti\/americki-predsednik-joe-biden-79-poznat-je-po-mnogobrojnim-gafovima-a-ovoga-puta-je-uspeo-ponovo-da-zagospodari-drustvenim-mrezama\/","title":{"rendered":"Senilni Biden hteo Ameriku da opi\u0161e jednom re\u010dju, pa rekao &#8222;asufutimaehaehfutbv&#8220; (VIDEO)"},"content":{"rendered":"<p class=\"wp-block-paragraph\">Ameri\u010dki predsednik, Joe Biden (79), poznat je po mnogobrojnim gafovima, a ovoga puta je uspeo ponovo da zagospodari dru\u0161tvenim mre\u017eama zahvaljuju\u0107i novom biseru.<\/p>\n\n\n\n<p class=\"wp-block-paragraph\">Naime, dok se medijima obra\u0107ao u prisustvu potpredsednice Kamale Harris, izjavio je: &#8222;Amerika je dr\u017eava koja se mo\u017ee definisati jednom re\u010dju&#8220;.<\/p>\n\n\n\n<figure class=\"wp-block-embed is-type-rich is-provider-twitter wp-block-embed-twitter\"><div class=\"wp-block-embed__wrapper\">\nhttps:\/\/twitter.com\/JamesMelville\/status\/1539581635154350081?s=20&#038;t=0X3Ao91v-823jT3l03g2gw\n<\/div><\/figure>\n\n\n\n<p class=\"wp-block-paragraph\">Me\u0111utim, kada je trebalo da izgovori tu re\u010d, ne\u0161to je promrmljao, a zvu\u010dalo je kao &#8222;asufutimaehaehfutbw&#8220;, kako su istakli brojni Amerikanci na Twitter-u.<\/p>\n\n\n\n<p class=\"wp-block-paragraph\">Naravno, bilo je jasno da je Biden imao lapsus i da nije uspeo da se lepo izrazi, ali je tih nekoliko sekundi bilo sasvim dovoljno da se na mre\u017eama pokrene lavina komentara.<\/p>\n\n\n\n<p class=\"wp-block-paragraph\">Iako je bilo dosta onih koji su ga ismevali, bilo je i pristalica koji su istakli da nije lepo rugati se nekome sa problemima u govoru.<\/p>\n\n\n\n<p class=\"wp-block-paragraph\">Podsetimo, ameri\u010dki prdsednik je poznat i kao &#8222;ma\u0161ina za pravljenje gafova&#8220;, pa je tako jednom prilikom Kamalu Harris nazvao prvom damom, a onda se potpuno pogubio kada je trebalo da objasni ko je dobio koronu.<\/p>\n\n\n\n<p class=\"wp-block-paragraph\">&#8211; Do\u0161lo je do male promene u tome ko \u0107e vam se obratiti jer je mu\u017e prve dame dobio kovid &#8211; rekao je Biden. Iako je mislio na mu\u017ea Kamale Harris, ispalo je kao da je on sam zara\u017een virusom.<\/p>\n\n\n\n<p class=\"wp-block-paragraph\">U obra\u0107anju naciji, po\u010detkom marta Ukrajince je nazvao Irancima, a potom je u jednom intervjuu, komentari\u0161u\u0107i aktuelnu krizu u Ukrajini, napravio gre\u0161ku.<\/p>\n\n\n\n<p class=\"wp-block-paragraph\">&#8211; Kako smo do\u0161li dovde, znate, da Putin samo odlu\u010di da \u0107e napasti Rusiju? Ovako ne\u0161to se nije dogodilo od Drugog svetskog rata &#8211; poru\u010dio je Bajden pome\u0161av\u0161i Rusiju i Ukrajinu.<\/p>\n\n\n\n<p class=\"wp-block-paragraph\" style=\"font-size:10px\">SOURCE: <a href=\"https:\/\/24sedam.rs\/svet\/vesti\/142294\/senilni-bajden-hteo-ameriku-da-opise-jednom-recju-pa-rekao-asufutimaehaehfutbv-video\/vest\" target=\"_blank\" rel=\"noreferrer noopener\">24SEDAM <\/a>PHOTO: GOOGLE <\/p>","protected":false},"excerpt":{"rendered":"<p>Ameri\u010dki predsednik, Joe Biden (79), poznat je po mnogobrojnim gafovima, a ovoga puta je uspeo ponovo da zagospodari dru\u0161tvenim mre\u017eama zahvaljuju\u0107i novom biseru. Naime, dok se medijima obra\u0107ao u prisustvu potpredsednice Kamale Harris, izjavio je: &#8222;Amerika je dr\u017eava koja se mo\u017ee definisati jednom re\u010dju&#8220;. Me\u0111utim, kada je trebalo da izgovori tu re\u010d, ne\u0161to je promrmljao, [&hellip;]<\/p>\n","protected":false},"author":3,"featured_media":0,"comment_status":"","ping_status":"","sticky":false,"template":"","format":"standard","meta":{"wpai_generated_summary":"","footnotes":""},"categories":[368,369],"tags":[538,498,50655,17239,568,413,1215],"class_list":["post-37740","post","type-post","status-publish","format-standard","hentry","category-vesti-amerika","category-vesti","tag-amerika","tag-amerikanci","tag-bajdenov-novi-gaf","tag-biden","tag-sad","tag-twitter","tag-vesti"],"_links":{"self":[{"href":"https:\/\/chicagodesavanja.us\/en\/wp-json\/wp\/v2\/posts\/37740","targetHints":{"allow":["GET"]}}],"collection":[{"href":"https:\/\/chicagodesavanja.us\/en\/wp-json\/wp\/v2\/posts"}],"about":[{"href":"https:\/\/chicagodesavanja.us\/en\/wp-json\/wp\/v2\/types\/post"}],"author":[{"embeddable":true,"href":"https:\/\/chicagodesavanja.us\/en\/wp-json\/wp\/v2\/users\/3"}],"replies":[{"embeddable":true,"href":"https:\/\/chicagodesavanja.us\/en\/wp-json\/wp\/v2\/comments?post=37740"}],"version-history":[{"count":0,"href":"https:\/\/chicagodesavanja.us\/en\/wp-json\/wp\/v2\/posts\/37740\/revisions"}],"wp:attachment":[{"href":"https:\/\/chicagodesavanja.us\/en\/wp-json\/wp\/v2\/media?parent=37740"}],"wp:term":[{"taxonomy":"category","embeddable":true,"href":"https:\/\/chicagodesavanja.us\/en\/wp-json\/wp\/v2\/categories?post=37740"},{"taxonomy":"post_tag","embeddable":true,"href":"https:\/\/chicagodesavanja.us\/en\/wp-json\/wp\/v2\/tags?post=37740"}],"curies":[{"name":"WP","href":"https:\/\/api.w.org\/{rel}","templated":true}]}}