{"id":37361,"date":"2022-07-20T13:25:00","date_gmt":"2022-07-20T13:25:00","guid":{"rendered":"https:\/\/chicagodesavanja.us\/air-serbia-ce-zbog-povecane-potraznje-letova-izmedju-beograda-i-njujorka-od-predstojece-zimske-sezone-broj-letova-na-toj-liniji-povecati\/"},"modified":"2022-07-20T13:25:00","modified_gmt":"2022-07-20T13:25:00","slug":"air-serbia-ce-zbog-povecane-potraznje-letova-izmedju-beograda-i-njujorka-od-predstojece-zimske-sezone-broj-letova-na-toj-liniji-povecati","status":"publish","type":"post","link":"https:\/\/chicagodesavanja.us\/en\/vesti\/air-serbia-ce-zbog-povecane-potraznje-letova-izmedju-beograda-i-njujorka-od-predstojece-zimske-sezone-broj-letova-na-toj-liniji-povecati\/","title":{"rendered":"Air Serbia pove\u0107ava broj letova za Ameriku: Posle 32 godine direktan let za \u010cikago, a dodaje se i jo\u0161 jedan let nedeljno za Njujork"},"content":{"rendered":"<p class=\"wp-block-paragraph\">Air Serbia \u0107e zbog pove\u0107ane potra\u017enje letova izme\u0111u Beograda i Njujorka, od predstoje\u0107e zimske sezone broj letova na toj liniji pove\u0107ati sa uobi\u010dajena dva na tri leta nedeljno, najavio je srpski avio-prevoznik.<\/p>\n\n\n\n<p class=\"wp-block-paragraph\">Planirano je da letovi izme\u0111u ta dva grada budu svakog utorka, \u010detvrtka i nedelje.<\/p>\n\n\n\n<p class=\"wp-block-paragraph\">Osim toga, kako se navodi u saop\u0161tenju Air Serbia, po\u010dev od aprila 2023. godine planirano je uspostavljanje direktnih letova izme\u0111u Beograda i \u010cikaga (aerodrom O&#8217;Her &#8211; ORD).<\/p>\n\n\n\n<p class=\"wp-block-paragraph\">\u010cikago \u0107e biti druga destinacija u SAD u mre\u017ei Air Serbia, a planirano je da srpska nacionalna avio-kompanija na toj liniji saobra\u0107a dva puta nedeljno.<\/p>\n\n\n\n<p class=\"wp-block-paragraph\">\u00a0&#8211; Dodavanje jo\u0161 jednog leta nedeljno ka Njujorku u zimskoj sezoni jasan je pokazatelj da na\u0161a linija preko Atlantika dobro funkcioni\u0161e i predstavlja jednu od najja\u010dih ruta Air Serbia, uz smanjenje do sada visoke sezonalnosti.<\/p>\n\n\n\n<p class=\"wp-block-paragraph\">Pored toga, uvo\u0111enje direktnih letova izme\u0111u Beograda i \u010cikaga, grada sa jednom od najve\u0107ih dijaspora iz Srbije i drugih zemalja u okru\u017eenju, planiramo ve\u0107 dugo i to je za nas tako\u0111e linija od izuzetnog strate\u0161kog zna\u010daja.<\/p>\n\n\n\n<p class=\"wp-block-paragraph\">O\u010dekujemo veliko interesovanje putnika za nove letove kojima \u0107e \u010cikago biti krajnja destinacija, kao i onih koji \u0107e iz ovog grada nastavljati putovanje do daljih ta\u010daka &#8211; izjavio je direktor za komercijalu i strategiju Air Serbia Bo\u0161ko Rupi\u0107, prenosi Air Serbia.<\/p>\n\n\n\n<p class=\"wp-block-paragraph\">Uvo\u0111enjem linije Beograd-\u010cikago, prvi put posle 32 godine, prestonica Srbije bi\u0107e direktno povezana sa ameri\u010dkim gradom u kojem \u017eivi oko 350 hiljada stanovnika srpskog porekla i veliki broj stanovnika poreklom iz drugih zemalja biv\u0161e Jugoslavije, ali i okolnih balkanskih zemalja koje su dobro povezane sa Beogradom putem regionalne mre\u017ee Air Serbia. <\/p>\n\n\n\n<p class=\"wp-block-paragraph\">Me\u0111unarodni aerodrom u \u010cikagu &#8211; O&#8217;Her (ORD) je jedan od \u0161est najprometnijih svetskih aerodroma, a 2019. godine njegove usluge je koristilo vi\u0161e od 90 miliona putnika.<\/p>\n\n\n\n<p class=\"wp-block-paragraph\">Zahvaljuju\u0107i obnovi transatlantskih letova, Air Serbia je pre \u0161est godina ponovo omogu\u0107ila povezanost regiona i Sjedinjenih Ameri\u010dkih Dr\u017eava, nakon pauze od gotovo dve i po decenije. <\/p>\n\n\n\n<p class=\"wp-block-paragraph\">Od ponovnog uspostavljanja vazdu\u0161ne veze sa SAD do maja ove godine, nacionalni avio-prevoznik je prevezao ukupno 383.324 putnika na liniji Beograd-Njujork, navode iz Air Serbia.<\/p>\n\n\n\n<p class=\"wp-block-paragraph\">Letove izme\u0111u Beograda i Njujorka obavlja najve\u0107i avion u floti Air Serbia, erbas A330, koji nosi ime \u010duvenog srpskog nau\u010dnika i pronalaza\u010da Nikole Tesle.<\/p>\n\n\n\n<p class=\"wp-block-paragraph\" style=\"font-size:10px\">SOURCE: <a href=\"https:\/\/www.novosti.rs\/ekonomija\/vesti\/1137380\/srbija-beograd-njujork-beograd-cikago-letovi-ameriku\" target=\"_blank\" rel=\"noreferrer noopener\">NEWS <\/a>FOTO: NOVOSTI <\/p>","protected":false},"excerpt":{"rendered":"<p>Air Serbia \u0107e zbog pove\u0107ane potra\u017enje letova izme\u0111u Beograda i Njujorka, od predstoje\u0107e zimske sezone broj letova na toj liniji pove\u0107ati sa uobi\u010dajena dva na tri leta nedeljno, najavio je srpski avio-prevoznik. Planirano je da letovi izme\u0111u ta dva grada budu svakog utorka, \u010detvrtka i nedelje. Osim toga, kako se navodi u saop\u0161tenju Air Serbia, [&hellip;]<\/p>\n","protected":false},"author":3,"featured_media":0,"comment_status":"","ping_status":"","sticky":false,"template":"","format":"standard","meta":{"wpai_generated_summary":"","footnotes":""},"categories":[368,653,369],"tags":[3464,538,4945,370,48521,35306,430,568,1215],"class_list":["post-37361","post","type-post","status-publish","format-standard","hentry","category-vesti-amerika","category-cikago","category-vesti","tag-air-serbia","tag-amerika","tag-beograd","tag-cikago","tag-direktan-let-za-cikago","tag-let","tag-njujork","tag-sad","tag-vesti"],"_links":{"self":[{"href":"https:\/\/chicagodesavanja.us\/en\/wp-json\/wp\/v2\/posts\/37361","targetHints":{"allow":["GET"]}}],"collection":[{"href":"https:\/\/chicagodesavanja.us\/en\/wp-json\/wp\/v2\/posts"}],"about":[{"href":"https:\/\/chicagodesavanja.us\/en\/wp-json\/wp\/v2\/types\/post"}],"author":[{"embeddable":true,"href":"https:\/\/chicagodesavanja.us\/en\/wp-json\/wp\/v2\/users\/3"}],"replies":[{"embeddable":true,"href":"https:\/\/chicagodesavanja.us\/en\/wp-json\/wp\/v2\/comments?post=37361"}],"version-history":[{"count":0,"href":"https:\/\/chicagodesavanja.us\/en\/wp-json\/wp\/v2\/posts\/37361\/revisions"}],"wp:attachment":[{"href":"https:\/\/chicagodesavanja.us\/en\/wp-json\/wp\/v2\/media?parent=37361"}],"wp:term":[{"taxonomy":"category","embeddable":true,"href":"https:\/\/chicagodesavanja.us\/en\/wp-json\/wp\/v2\/categories?post=37361"},{"taxonomy":"post_tag","embeddable":true,"href":"https:\/\/chicagodesavanja.us\/en\/wp-json\/wp\/v2\/tags?post=37361"}],"curies":[{"name":"WP","href":"https:\/\/api.w.org\/{rel}","templated":true}]}}