{"id":37349,"date":"2022-07-21T06:00:00","date_gmt":"2022-07-21T06:00:00","guid":{"rendered":"https:\/\/chicagodesavanja.us\/snimak-na-kom-se-cuje-kako-predsednik-sad-joe-biden-govori-kako-ima-rak-odmah-je-alarmirao-ljude-na-twitter-u\/"},"modified":"2022-07-21T06:00:00","modified_gmt":"2022-07-21T06:00:00","slug":"snimak-na-kom-se-cuje-kako-predsednik-sad-joe-biden-govori-kako-ima-rak-odmah-je-alarmirao-ljude-na-twitter-u","status":"publish","type":"post","link":"https:\/\/chicagodesavanja.us\/en\/vesti\/snimak-na-kom-se-cuje-kako-predsednik-sad-joe-biden-govori-kako-ima-rak-odmah-je-alarmirao-ljude-na-twitter-u\/","title":{"rendered":"Biden-ova izjava da ima rak privukla veliku pa\u017enju: \u0160ta se krije iza toga? (VIDEO)"},"content":{"rendered":"<p class=\"wp-block-paragraph\">Snimak na kom se \u010duje kako predsednik SAD Joe Biden govori kako ima rak, odmah je alarmirao ljude na Twitter-u.<\/p>\n\n\n\n<p class=\"wp-block-paragraph\">Biden je bio u poseti biv\u0161oj termoelektrani u Masa\u010dusetsu, kako bi razgovarao o novim naporima njegove administracije u borbi sa klimatskim promenama.<\/p>\n\n\n\n<figure class=\"wp-block-embed is-type-rich is-provider-twitter wp-block-embed-twitter\"><div class=\"wp-block-embed__wrapper\">\n<blockquote class=\"twitter-tweet\" data-width=\"500\" data-dnt=\"true\"><p lang=\"en\" dir=\"ltr\">Joe Biden says he has cancer. (2022) <a href=\"https:\/\/t.co\/9ekrcf3T7D\">pic.twitter.com\/9ekrcf3T7D<\/a><\/p>&mdash; crazy ass moments in american politics (@ampol_moment) <a href=\"https:\/\/x.com\/ampol_moment\/status\/1549847568275968001?ref_src=twsrc%5Etfw\">July 20, 2022<\/a><\/blockquote><script async src=\"https:\/\/platform.x.com\/widgets.js\" charset=\"utf-8\"><\/script>\n<\/div><\/figure>\n\n\n\n<p class=\"wp-block-paragraph\">Dok je govorio o \u0161teti koju izazivaju rafinerije nafte, Biden se prisetio svog detinjstva u Delaveru, a zatim je rekao da &#8222;on i mnogi ljudi sa kojima je odrastao sada imaju rak&#8220;.<\/p>\n\n\n\n<p class=\"wp-block-paragraph\">Majka je vi\u0161e volela da nas vozi, nego da hodamo i pogodite \u0161ta se dogodilo? Prvi mraz i znate \u0161ta se dogodilo? Morali smo da stavimo brisa\u010de da bismo skinuli crnu mrlju sa prozora. Zato ja i mnogi sa kojima sam odrastao imamo rak i zato je Delaver dugo imao najve\u0107u stopu raka u zemlji &#8211; rekao je Biden.<\/p>\n\n\n\n<p class=\"wp-block-paragraph\">Ova njegova izjava privukla je pa\u017enju ljudi na Tviteru.<\/p>\n\n\n\n<p class=\"wp-block-paragraph\">Rak? Ili je ovo najve\u0107a bomba u istoriji od kako SAD ima predsednika ili je najve\u0107i gaf &#8211; napisao je jedan od korisnika, pi\u0161e Fox news.<\/p>\n\n\n\n<p class=\"wp-block-paragraph\">I dok se ovaj video \u0161irio Twitter-om, mediji poput Washington Posta pretpostavili su da je u pitanju gaf predsednika i da je on ovu re\u010denicu umesto u sada\u0161njem, trebalo da izgovori u pro\u0161lom vremenu.<\/p>\n\n\n\n<p class=\"wp-block-paragraph\">Nakon ovih navoda, odmah se oglasila i Bela ku\u0107a.<\/p>\n\n\n\n<p class=\"wp-block-paragraph\">Portparol Bele ku\u0107e objasnio je da je Biden pre stupanja na du\u017enost predsednika imao vi\u0161e karcinoma ko\u017ee koji nisu bili melanom i koji su tretirani i uklonjeni. Pojavio se i izve\u0161taj njegovog lekara dr Kevin O&#8217;Connora.<\/p>\n\n\n\n<p class=\"wp-block-paragraph\">Doktor je u izve\u0161taju napisao da je Biden imao rak ko\u017ee, ali izazvan boravkom na suncu bez no\u0161enja za\u0161titnog faktora, dok se izlo\u017eenost hemikalijama i zaga\u0111enju ne pominju. Biden je u mladosti radio kao spasilac na bazenu zbog \u010dega je stalno bio izlo\u017een sun\u010devim zracima.<\/p>\n\n\n\n<p class=\"wp-block-paragraph\">Njegov lekar je pro\u0161le godine u izve\u0161taju naveo i da &#8222;trenutno ne postoje delovi ko\u017ee predsednika koji deluju sumnjivo&#8220;.<\/p>\n\n\n\n<p class=\"wp-block-paragraph\">I dok Biden najavljuje borbu sa klimatskim promenama, najnovija anketa Univerziteta Kvinipak pokazala je da je njegov rejting trenutno najni\u017ei od po\u010detka mandata i iznosi 31 odsto. Anketa je tako\u0111e pokazala da 71 odsto Amerikanada ne \u017eeli da se Biden kandiduje na slede\u0107im izborima.<\/p>\n\n\n\n<p class=\"wp-block-paragraph\" style=\"font-size:10px\">SOURCE: <a href=\"https:\/\/www.telegraf.rs\/vesti\/svet\/3530008-bajdenova-izjava-da-ima-rak-privukla-veliku-paznju-sta-se-krije-iza-toga\" target=\"_blank\" rel=\"noreferrer noopener\">Telegraph <\/a>FOTO: RUPTLY<\/p>","protected":false},"excerpt":{"rendered":"<p>Snimak na kom se \u010duje kako predsednik SAD Joe Biden govori kako ima rak, odmah je alarmirao ljude na Twitter-u. Biden je bio u poseti biv\u0161oj termoelektrani u Masa\u010dusetsu, kako bi razgovarao o novim naporima njegove administracije u borbi sa klimatskim promenama. Dok je govorio o \u0161teti koju izazivaju rafinerije nafte, Biden se prisetio svog [&hellip;]<\/p>\n","protected":false},"author":3,"featured_media":0,"comment_status":"","ping_status":"","sticky":false,"template":"","format":"standard","meta":{"footnotes":""},"categories":[368,369],"tags":[538,17239,834,19389,568,11747,413,53182,1215],"class_list":["post-37349","post","type-post","status-publish","format-standard","hentry","category-vesti-amerika","category-vesti","tag-amerika","tag-biden","tag-izjava","tag-rak","tag-sad","tag-snimak","tag-twitter","tag-velika-paznja","tag-vesti"],"_links":{"self":[{"href":"https:\/\/chicagodesavanja.us\/en\/wp-json\/wp\/v2\/posts\/37349","targetHints":{"allow":["GET"]}}],"collection":[{"href":"https:\/\/chicagodesavanja.us\/en\/wp-json\/wp\/v2\/posts"}],"about":[{"href":"https:\/\/chicagodesavanja.us\/en\/wp-json\/wp\/v2\/types\/post"}],"author":[{"embeddable":true,"href":"https:\/\/chicagodesavanja.us\/en\/wp-json\/wp\/v2\/users\/3"}],"replies":[{"embeddable":true,"href":"https:\/\/chicagodesavanja.us\/en\/wp-json\/wp\/v2\/comments?post=37349"}],"version-history":[{"count":0,"href":"https:\/\/chicagodesavanja.us\/en\/wp-json\/wp\/v2\/posts\/37349\/revisions"}],"wp:attachment":[{"href":"https:\/\/chicagodesavanja.us\/en\/wp-json\/wp\/v2\/media?parent=37349"}],"wp:term":[{"taxonomy":"category","embeddable":true,"href":"https:\/\/chicagodesavanja.us\/en\/wp-json\/wp\/v2\/categories?post=37349"},{"taxonomy":"post_tag","embeddable":true,"href":"https:\/\/chicagodesavanja.us\/en\/wp-json\/wp\/v2\/tags?post=37349"}],"curies":[{"name":"WP","href":"https:\/\/api.w.org\/{rel}","templated":true}]}}