{"id":37342,"date":"2022-07-22T05:15:00","date_gmt":"2022-07-22T05:15:00","guid":{"rendered":"https:\/\/chicagodesavanja.us\/mlada-nevakcinisana-odrasla-osoba-iz-njujorka-nedavno-je-obolela-od-decije-paralize-sto-je-prvi-slucaj-u-sad-za-skoro-10-godina\/"},"modified":"2022-07-22T05:15:00","modified_gmt":"2022-07-22T05:15:00","slug":"mlada-nevakcinisana-odrasla-osoba-iz-njujorka-nedavno-je-obolela-od-decije-paralize-sto-je-prvi-slucaj-u-sad-za-skoro-10-godina","status":"publish","type":"post","link":"https:\/\/chicagodesavanja.us\/en\/vesti\/mlada-nevakcinisana-odrasla-osoba-iz-njujorka-nedavno-je-obolela-od-decije-paralize-sto-je-prvi-slucaj-u-sad-za-skoro-10-godina\/","title":{"rendered":"Prvi slu\u010daj de\u010dije paralize u protekloj deceniji u SAD"},"content":{"rendered":"<p class=\"wp-block-paragraph\">Mlada nevakcinisana odrasla osoba iz Njujorka nedavno je obolela od de\u010dije paralize, \u0161to je prvi slu\u010daj u SAD za skoro 10 godina, saop\u0161tili su lekari specijalisti. Oni su naveli da je pacijent, koji \u017eivi u okrugu Rokland, dobio simptome pre mesec dana i oboleo od paralize.<\/p>\n\n\n\n<p class=\"wp-block-paragraph\">Zvani\u010dnici pretpostavljaju da je pacijent imao soj virusa nekoga ko je dobio \u017eivu vakcinu &#8211; dostupnu u drugim zemljama, ali ne u SAD.<\/p>\n\n\n\n<p class=\"wp-block-paragraph\">Osoba se vi\u0161e ne smatra zaraznom, ali istra\u017eitelji poku\u0161avaju da otkriju kako je do\u0161lo do infekcije i da li su drugi ljudi mo\u017eda bili izlo\u017eeni virusu.<\/p>\n\n\n\n<p class=\"wp-block-paragraph\">&#8222;Ve\u0107ina Amerikanaca je vakcinisana protiv de\u010dije paralize, ali nevakcinisani ljudi mogu biti u opasnosti&#8220;, rekla je komesarka za zdravstvo okruga Rokland dr Patri\u0161a \u0160nabel Rupert.<\/p>\n\n\n\n<p class=\"wp-block-paragraph\">Lekari su odmah reagovali i zakazali vakcinaciju u obli\u017enjim klinikama i pozvali sve nevakcinisane gra\u0111ane da to urade. <\/p>\n\n\n\n<p class=\"wp-block-paragraph\">Vakcine su postale dostupne po\u010dev\u0161i od 1955. godine, a nacionalna kampanja vakcinacije u SAD smanjila je godi\u0161nji broj slu\u010dajeva na manje od 100 tokom 1960-ih i manje od 10 u 1970-im, prema Centrima za kontrolu i prevenciju bolesti. Poliomijelitis je 1979. godine progla\u0161en iskorenjenim u SAD, \u0161to zna\u010di da vi\u0161e nije bilo \u0161irenja bolesti.<\/p>\n\n\n\n<p class=\"wp-block-paragraph\">Virus je do\u0161ao spolja, smatraju virusolozi, a poslednji slu\u010daj do sada bio je 2013. godine, kada je sedmomese\u010dnom detetu koje se nedavno preselilo u SAD iz Indije u San Antonio u Teksasu dijagnostikovana bolest.<\/p>\n\n\n\n<p class=\"wp-block-paragraph\"> To dete je tako\u0111e imalo tip poliomijelitisa koji se nalazi u \u017eivom obliku vakcine koja se koristi u drugim zemljama.<\/p>\n\n\n\n<p class=\"wp-block-paragraph\">Postoje dve vrste vakcina protiv poliomijelitisa. SAD i mnoge druge zemlje koriste vakcine sa takozvanom &#8222;neaktivnom&#8220; verzijom virusa. Ali neke zemlje u kojima je de\u010dja paraliza ostala pretnja, koriste oslabljeni \u017eivi virus koji se deci daje kao kapi u ustima. <\/p>\n\n\n\n<p class=\"wp-block-paragraph\">U retkim slu\u010dajevima, oslabljeni virus mo\u017ee da mutira u oblik koji mo\u017ee da izazove nove epidemije.<\/p>\n\n\n\n<p class=\"wp-block-paragraph\" style=\"font-size:10px\">SOURCE: <a href=\"https:\/\/www.euronews.rs\/svet\/fokus\/56472\/prvi-slucaj-decije-paralize-u-protekloj-deceniji-u-sad\/vest\" target=\"_blank\" rel=\"noreferrer noopener\">EURONEWS <\/a>FOTO: NPR<\/p>","protected":false},"excerpt":{"rendered":"<p>Mlada nevakcinisana odrasla osoba iz Njujorka nedavno je obolela od de\u010dije paralize, \u0161to je prvi slu\u010daj u SAD za skoro 10 godina, saop\u0161tili su lekari specijalisti. Oni su naveli da je pacijent, koji \u017eivi u okrugu Rokland, dobio simptome pre mesec dana i oboleo od paralize. Zvani\u010dnici pretpostavljaju da je pacijent imao soj virusa nekoga [&hellip;]<\/p>\n","protected":false},"author":3,"featured_media":0,"comment_status":"","ping_status":"","sticky":false,"template":"","format":"standard","meta":{"wpai_generated_summary":"","footnotes":""},"categories":[368,369],"tags":[538,51726,53176,430,53177,41971,568],"class_list":["post-37342","post","type-post","status-publish","format-standard","hentry","category-vesti-amerika","category-vesti","tag-amerika","tag-decija-paraliza","tag-nevakcinisana-osoba","tag-njujork","tag-protekla-decenija","tag-prvi-slucaj-2","tag-sad"],"_links":{"self":[{"href":"https:\/\/chicagodesavanja.us\/en\/wp-json\/wp\/v2\/posts\/37342","targetHints":{"allow":["GET"]}}],"collection":[{"href":"https:\/\/chicagodesavanja.us\/en\/wp-json\/wp\/v2\/posts"}],"about":[{"href":"https:\/\/chicagodesavanja.us\/en\/wp-json\/wp\/v2\/types\/post"}],"author":[{"embeddable":true,"href":"https:\/\/chicagodesavanja.us\/en\/wp-json\/wp\/v2\/users\/3"}],"replies":[{"embeddable":true,"href":"https:\/\/chicagodesavanja.us\/en\/wp-json\/wp\/v2\/comments?post=37342"}],"version-history":[{"count":0,"href":"https:\/\/chicagodesavanja.us\/en\/wp-json\/wp\/v2\/posts\/37342\/revisions"}],"wp:attachment":[{"href":"https:\/\/chicagodesavanja.us\/en\/wp-json\/wp\/v2\/media?parent=37342"}],"wp:term":[{"taxonomy":"category","embeddable":true,"href":"https:\/\/chicagodesavanja.us\/en\/wp-json\/wp\/v2\/categories?post=37342"},{"taxonomy":"post_tag","embeddable":true,"href":"https:\/\/chicagodesavanja.us\/en\/wp-json\/wp\/v2\/tags?post=37342"}],"curies":[{"name":"WP","href":"https:\/\/api.w.org\/{rel}","templated":true}]}}