{"id":37210,"date":"2022-08-01T14:00:27","date_gmt":"2022-08-01T14:00:27","guid":{"rendered":"https:\/\/chicagodesavanja.us\/vozac-vozio-u-pogresnom-smeru-na-294\/"},"modified":"2022-08-01T14:00:27","modified_gmt":"2022-08-01T14:00:27","slug":"vozac-vozio-u-pogresnom-smeru-na-294","status":"publish","type":"post","link":"https:\/\/chicagodesavanja.us\/en\/vesti\/vozac-vozio-u-pogresnom-smeru-na-294\/","title":{"rendered":"Te\u0161ko povre\u0111ene dve osobe u sudaru I-294 u blizini Midlothian"},"content":{"rendered":"<p class=\"wp-block-paragraph\">Dve osobe su te\u0161ko povre\u0111ene u ponedeljak 01. augusta rano ujutru kada je voza\u010d koji je vozio u pogre\u0161nom smeru udario u prikolicu na I-294 u Midlothian-u, saop\u0161tila je dr\u017eavna policija Ilinoisa.<\/p>\n\n\n\n<p class=\"wp-block-paragraph\">Pripadnici policije su odgovorili na poziv ne\u0161to pre 3:10 ujutro po lokalnom vremenu na I-294 u blizini oznake 9 zbog prijavljenog sudara. Kamion je i\u0161ao na jug kada ga je udario kamionet koji je vozio ka severu ju\u017enim trakama, saop\u0161tila je policija.<\/p>\n\n\n\n<p class=\"wp-block-paragraph\">Kamion se prevrnuo i zaustavio na kolovozu. Dve osobe su preba\u010dene u lokalne bolnice sa te\u0161kim povredama, saop\u0161tila je policija. U 3:30 ujutru po lokalnom vremenu tri desne trake su zatvorene radi uvi\u0111aja i \u010di\u0161\u0107enja. Saobra\u0107aj se odvija levom trakom.<\/p>\n\n\n\n<p class=\"wp-block-paragraph\">SOURCE: <a href=\"https:\/\/abc7chicago.com\/midlothian-crash-i-294-illinois-state-police-rollover\/12090676\/\" target=\"_blank\" rel=\"noreferrer noopener\">ABC 7 CHICAGO<\/a> | FOTO: ABC 7 CHICAGO <\/p>","protected":false},"excerpt":{"rendered":"<p>Dve osobe su te\u0161ko povre\u0111ene u ponedeljak 01. augusta rano ujutru kada je voza\u010d koji je vozio u pogre\u0161nom smeru udario u prikolicu na I-294 u Midlothian-u, saop\u0161tila je dr\u017eavna policija Ilinoisa. Pripadnici policije su odgovorili na poziv ne\u0161to pre 3:10 ujutro po lokalnom vremenu na I-294 u blizini oznake 9 zbog prijavljenog sudara. Kamion [&hellip;]<\/p>\n","protected":false},"author":3,"featured_media":0,"comment_status":"","ping_status":"","sticky":false,"template":"","format":"standard","meta":{"footnotes":""},"categories":[368,653,369],"tags":[538,53025,4405,37446,52217,568,1045,7189,43981,33383],"class_list":["post-37210","post","type-post","status-publish","format-standard","hentry","category-vesti-amerika","category-cikago","category-vesti","tag-amerika","tag-i-294","tag-ilinois","tag-ilinois-i-cikago","tag-pogresan-smer","tag-sad","tag-saobracajna-nesreca","tag-sudar","tag-sudar-automobila","tag-zatvorene-ulice"],"_links":{"self":[{"href":"https:\/\/chicagodesavanja.us\/en\/wp-json\/wp\/v2\/posts\/37210","targetHints":{"allow":["GET"]}}],"collection":[{"href":"https:\/\/chicagodesavanja.us\/en\/wp-json\/wp\/v2\/posts"}],"about":[{"href":"https:\/\/chicagodesavanja.us\/en\/wp-json\/wp\/v2\/types\/post"}],"author":[{"embeddable":true,"href":"https:\/\/chicagodesavanja.us\/en\/wp-json\/wp\/v2\/users\/3"}],"replies":[{"embeddable":true,"href":"https:\/\/chicagodesavanja.us\/en\/wp-json\/wp\/v2\/comments?post=37210"}],"version-history":[{"count":0,"href":"https:\/\/chicagodesavanja.us\/en\/wp-json\/wp\/v2\/posts\/37210\/revisions"}],"wp:attachment":[{"href":"https:\/\/chicagodesavanja.us\/en\/wp-json\/wp\/v2\/media?parent=37210"}],"wp:term":[{"taxonomy":"category","embeddable":true,"href":"https:\/\/chicagodesavanja.us\/en\/wp-json\/wp\/v2\/categories?post=37210"},{"taxonomy":"post_tag","embeddable":true,"href":"https:\/\/chicagodesavanja.us\/en\/wp-json\/wp\/v2\/tags?post=37210"}],"curies":[{"name":"WP","href":"https:\/\/api.w.org\/{rel}","templated":true}]}}