{"id":37104,"date":"2022-08-09T05:58:00","date_gmt":"2022-08-09T05:58:00","guid":{"rendered":"https:\/\/chicagodesavanja.us\/nemacka-vlada-uvodi-nove-mere-i-nova-pravila-u-borbi-protiv-koronavirusa\/"},"modified":"2022-08-09T05:58:00","modified_gmt":"2022-08-09T05:58:00","slug":"nemacka-vlada-uvodi-nove-mere-i-nova-pravila-u-borbi-protiv-koronavirusa","status":"publish","type":"post","link":"https:\/\/chicagodesavanja.us\/en\/vesti\/nemacka-vlada-uvodi-nove-mere-i-nova-pravila-u-borbi-protiv-koronavirusa\/","title":{"rendered":"Nema\u010dka sprema nove kovid mere za jesen"},"content":{"rendered":"<p class=\"wp-block-paragraph\">Nema\u010dka vlada uvodi nove mere i nova pravila u borbi protiv koronavirusa radi uspe\u0161nije za\u0161tite od novog talasa infekcija tokom jeseni i zime, a najavljuje se i izlazak na tr\u017ei\u0161te \u010detiri nove vakcine, pi\u0161e danas Doj\u010de vele.<\/p>\n\n\n\n<p class=\"wp-block-paragraph\">Planom je predvi\u0111eno postepeno uvo\u0111enje mera, u zavisnosti od situacije u zemlji, a mere \u0107e va\u017eiti od 1. oktobra ove godine do 7. aprila 2023. &nbsp;i to bez obzira na incidenciju.<\/p>\n\n\n\n<figure class=\"wp-block-image aligncenter size-full\"><img decoding=\"async\" src=\"https:\/\/aktuelnosti.us\/wp-content\/uploads\/2022\/08\/Screenshot-3961.png\" alt=\"\" class=\"wp-image-83193\" \/><\/figure>\n\n\n\n<p class=\"wp-block-paragraph\">U toj grupi mera je no\u0161enje FFP2-maski u vazdu\u0161nom saobra\u0107aju, u brzim vozovima, odnosno obavezno testiranje pre ulaska u bolnice i sli\u010dne ustanove osim ako se neko vakcinisao ili je preboleo koronu.<\/p>\n\n\n\n<p class=\"wp-block-paragraph\">U slu\u010daju pogor\u0161anja situacije na snagu stupaju nove mere. Savezne pokrajine mogu da uvedu obavezu no\u0161enja FFP2-maski u javnim institucijama, odnosno u restoranima, kulturnim ustanovama ili tamo gde se ljudi okupljaju tokom slobodnog vremena. Preduslov za uvo\u0111enje tih mera je odluka nadle\u017enog parlamenta, prenosi Beta.<\/p>\n\n\n\n<figure class=\"wp-block-image aligncenter size-full\"><img decoding=\"async\" src=\"https:\/\/aktuelnosti.us\/wp-content\/uploads\/2022\/08\/Screenshot-3963.png\" alt=\"\" class=\"wp-image-83194\" \/><\/figure>\n\n\n\n<p class=\"wp-block-paragraph\">Nova pravila bi Bundestag mogao da usvoji po\u010detkom septembra. Bundesrat (Gornji dom) bi o njima glasao 16. septembra, kako bi nova pravila stupila na snagu pre nego \u0161to aktuelna isteknu.<\/p>\n\n\n\n<p class=\"wp-block-paragraph\">Za sada nije jasno ho\u0107e li pokrajine podr\u017eati vladin koncept. Iz savezne vlade se mo\u017ee \u010duti kako do sada nema prigovora na ra\u010dun planiranog paketa mera.<\/p>\n\n\n\n<p class=\"wp-block-paragraph\">Navodno \u0107e obaveza no\u0161enja maske &#8211; ako bude uvedena za \u0161kole &#8211; va\u017eiti samo od petog razreda.<\/p>\n\n\n\n<p class=\"wp-block-paragraph\">Cilj savezne vlade je da zemlja narednu pandemijsku zimu \u201epregura\u201d bez novog lokdauna i zabrane izlaska gra\u0111ana na ulice.<\/p>\n\n\n\n<p class=\"wp-block-paragraph\" style=\"font-size:10px\">SOURCE: <a href=\"https:\/\/www.politika.rs\/sr\/clanak\/513848\/Nemacka-sprema-nove-kovid-mere-za-jesen\" target=\"_blank\" rel=\"noreferrer noopener\">Politics<\/a> PHOTO: SCREENSHOT<\/p>","protected":false},"excerpt":{"rendered":"<p>Nema\u010dka vlada uvodi nove mere i nova pravila u borbi protiv koronavirusa radi uspe\u0161nije za\u0161tite od novog talasa infekcija tokom jeseni i zime, a najavljuje se i izlazak na tr\u017ei\u0161te \u010detiri nove vakcine, pi\u0161e danas Doj\u010de vele. Planom je predvi\u0111eno postepeno uvo\u0111enje mera, u zavisnosti od situacije u zemlji, a mere \u0107e va\u017eiti od 1. [&hellip;]<\/p>\n","protected":false},"author":3,"featured_media":0,"comment_status":"","ping_status":"","sticky":false,"template":"","format":"standard","meta":{"wpai_generated_summary":"","footnotes":""},"categories":[431,369],"tags":[20059,533,414,559,535,561,2372,16359,1215],"class_list":["post-37104","post","type-post","status-publish","format-standard","hentry","category-svet","category-vesti","tag-jesen","tag-korona","tag-kovid","tag-maske","tag-nemacka","tag-nove-mere","tag-svet","tag-vakcine","tag-vesti"],"_links":{"self":[{"href":"https:\/\/chicagodesavanja.us\/en\/wp-json\/wp\/v2\/posts\/37104","targetHints":{"allow":["GET"]}}],"collection":[{"href":"https:\/\/chicagodesavanja.us\/en\/wp-json\/wp\/v2\/posts"}],"about":[{"href":"https:\/\/chicagodesavanja.us\/en\/wp-json\/wp\/v2\/types\/post"}],"author":[{"embeddable":true,"href":"https:\/\/chicagodesavanja.us\/en\/wp-json\/wp\/v2\/users\/3"}],"replies":[{"embeddable":true,"href":"https:\/\/chicagodesavanja.us\/en\/wp-json\/wp\/v2\/comments?post=37104"}],"version-history":[{"count":0,"href":"https:\/\/chicagodesavanja.us\/en\/wp-json\/wp\/v2\/posts\/37104\/revisions"}],"wp:attachment":[{"href":"https:\/\/chicagodesavanja.us\/en\/wp-json\/wp\/v2\/media?parent=37104"}],"wp:term":[{"taxonomy":"category","embeddable":true,"href":"https:\/\/chicagodesavanja.us\/en\/wp-json\/wp\/v2\/categories?post=37104"},{"taxonomy":"post_tag","embeddable":true,"href":"https:\/\/chicagodesavanja.us\/en\/wp-json\/wp\/v2\/tags?post=37104"}],"curies":[{"name":"WP","href":"https:\/\/api.w.org\/{rel}","templated":true}]}}