{"id":36750,"date":"2022-09-06T03:12:00","date_gmt":"2022-09-06T03:12:00","guid":{"rendered":"https:\/\/chicagodesavanja.us\/zabrinutost-sve-veca-erdogan-zapretio\/"},"modified":"2022-09-06T03:12:00","modified_gmt":"2022-09-06T03:12:00","slug":"zabrinutost-sve-veca-erdogan-zapretio","status":"publish","type":"post","link":"https:\/\/chicagodesavanja.us\/en\/vesti\/zabrinutost-sve-veca-erdogan-zapretio\/","title":{"rendered":"Zabrinutost sve ve\u0107a: Erdogan zapretio?"},"content":{"rendered":"<p class=\"wp-block-paragraph\">Evropska unija je izrazila zabrinutost zbog neprijateljskih primedbi predsednika Turske Red\u017eepa Tajipa Erdogana.<\/p>\n\n\n\n<p class=\"wp-block-paragraph\">Erdogan je optu\u017eio Gr\u010dku za okupaciju demilitarizovanih ostrva u Egejskom moru i rekao da je Turska &#8222;spremna da u\u010dini ono \u0161to je neophodno kada do\u0111e vreme&#8220;.<\/p>\n\n\n\n<p class=\"wp-block-paragraph\">Neprekidne neprijateljske primedbe politi\u010dkog rukovodstva Turske protiv Gr\u010dke izazivaju ozbiljnu zabrinutost i u potpunosti su u suprotnosti sa preko potrebnim naporima za deeskalaciju u isto\u010dnom delu Mediterana, istakao je u saop\u0161tenju Peter Stano, portparol visokog predstavnika Evropske unije za spoljnu politiku i bezbednost \u017dozepa Borelja, preneo je Rojters.<\/p>\n\n\n\n<p class=\"wp-block-paragraph\">Pretnje i agresivna retorika su neprihvatljivi i moraju da prestanu, dodao je Stano, isticuci zahteve da se nesuglasice re\u0161avaju mirnim putem i uz puno po\u0161tovanje me\u0111unarodnog prava.<\/p>\n\n\n\n<p class=\"wp-block-paragraph\">EU ponavlja svoje o\u010dekivanje od Turske da ozbiljno radi na deeskalaciji tenzija na odr\u017eiv na\u010din u interesu regionalne stabilnosti u isto\u010dnom delu Mediterana i da u potpunosti po\u0161tuje suverenitet i teritorijalni integritet svih dr\u017eava \u010dlanica EU, dodao je Stano.<\/p>\n\n\n\n<p class=\"wp-block-paragraph\">Ankara je nedavno optu\u017eila Atinu za naoru\u017eavanje demilitarizovanih ostrva u Egejskom moru, \u0161to Atina odbacuje, ali Erdogan ranije nije optu\u017eio Gr\u010dku da ih je okupirala.<\/p>\n\n\n\n<p class=\"wp-block-paragraph\">Turska navodi da su egejska ostrva data Gr\u010dkoj prema sporazumima iz 1923. i 1947. pod uslovom da ih ona ne naoru\u017ea.<\/p>\n\n\n\n<p class=\"wp-block-paragraph\">Turski ministar inostranih poslova Mevlut \u010cavu\u0161oglu je vi\u0161e puta rekao da \u0107e Turska po\u010deti da dovodi u pitanje suverenitet Gr\u010dke nad ovim ostrvima ako Atina nastavi da ih naoru\u017eava.<\/p>\n\n\n\n<p class=\"wp-block-paragraph\" style=\"font-size:10px\">IZVOR: TANJUG, <a href=\"https:\/\/www.b92.net\/info\/vesti\/index.php?yyyy=2022&amp;mm=09&amp;dd=05&amp;nav_category=78&amp;nav_id=2208491\" target=\"_blank\" rel=\"noreferrer noopener\">B92<\/a><a href=\"https:\/\/aktuelnosti.us\/\" target=\"_blank\" rel=\"noreferrer noopener\">:<\/a> FOTO: PRINTSCREEN<\/p>\n\n\n\n<p class=\"wp-block-paragraph\"><\/p>","protected":false},"excerpt":{"rendered":"<p>Evropska unija je izrazila zabrinutost zbog neprijateljskih primedbi predsednika Turske Red\u017eepa Tajipa Erdogana. Erdogan je optu\u017eio Gr\u010dku za okupaciju demilitarizovanih ostrva u Egejskom moru i rekao da je Turska &#8222;spremna da u\u010dini ono \u0161to je neophodno kada do\u0111e vreme&#8220;. Neprekidne neprijateljske primedbe politi\u010dkog rukovodstva Turske protiv Gr\u010dke izazivaju ozbiljnu zabrinutost i u potpunosti su u [&hellip;]<\/p>\n","protected":false},"author":1,"featured_media":0,"comment_status":"","ping_status":"","sticky":false,"template":"","format":"standard","meta":{"footnotes":""},"categories":[431,369],"tags":[434,531,46944,5770,5771,37873],"class_list":["post-36750","post","type-post","status-publish","format-standard","hentry","category-svet","category-vesti","tag-evropska-unija","tag-grcka","tag-ostrva","tag-redzep-tajip-erdogan","tag-turska","tag-zabrinutost"],"_links":{"self":[{"href":"https:\/\/chicagodesavanja.us\/en\/wp-json\/wp\/v2\/posts\/36750","targetHints":{"allow":["GET"]}}],"collection":[{"href":"https:\/\/chicagodesavanja.us\/en\/wp-json\/wp\/v2\/posts"}],"about":[{"href":"https:\/\/chicagodesavanja.us\/en\/wp-json\/wp\/v2\/types\/post"}],"author":[{"embeddable":true,"href":"https:\/\/chicagodesavanja.us\/en\/wp-json\/wp\/v2\/users\/1"}],"replies":[{"embeddable":true,"href":"https:\/\/chicagodesavanja.us\/en\/wp-json\/wp\/v2\/comments?post=36750"}],"version-history":[{"count":0,"href":"https:\/\/chicagodesavanja.us\/en\/wp-json\/wp\/v2\/posts\/36750\/revisions"}],"wp:attachment":[{"href":"https:\/\/chicagodesavanja.us\/en\/wp-json\/wp\/v2\/media?parent=36750"}],"wp:term":[{"taxonomy":"category","embeddable":true,"href":"https:\/\/chicagodesavanja.us\/en\/wp-json\/wp\/v2\/categories?post=36750"},{"taxonomy":"post_tag","embeddable":true,"href":"https:\/\/chicagodesavanja.us\/en\/wp-json\/wp\/v2\/tags?post=36750"}],"curies":[{"name":"WP","href":"https:\/\/api.w.org\/{rel}","templated":true}]}}