{"id":36577,"date":"2022-09-16T13:02:00","date_gmt":"2022-09-16T13:02:00","guid":{"rendered":"https:\/\/chicagodesavanja.us\/mexican-independence-day-u-cikagu\/"},"modified":"2022-09-16T13:02:00","modified_gmt":"2022-09-16T13:02:00","slug":"mexican-independence-day-u-cikagu","status":"publish","type":"post","link":"https:\/\/chicagodesavanja.us\/en\/vesti\/mexican-independence-day-u-cikagu\/","title":{"rendered":"Mexican Independence Day proslava u \u010cikagu ovog vikenda (VIDEO)"},"content":{"rendered":"<p class=\"wp-block-paragraph\">O\u010dekuje se da \u0107e hiljade ljudi iza\u0107i na ulice u \u010cikagu i na okupljanja \u0161irom predgra\u0111a kako bi proslavili Mexican Independence Day u petak 16. septembra i tokom vikenda. Praznik, koji pada u petak 16. septembra, slavi progla\u0161enje nezavisnosti Meksika od \u0160panije 1810. godine. U \u010cikagu se praznik obele\u017eava \u0161irokim spektrom proslava, uklju\u010duju\u0107i vatromet i automobile sa zastavama koji se voze kroz grad.<\/p>\n\n\n\n<p class=\"wp-block-paragraph\">Dok je pro\u0161li vikend obele\u017eio zvani\u010dni po\u010detak sve\u010danosti godi\u0161njom paradom, gradski zvani\u010dnici se pripremaju za vi\u0161e aktivnosti i proslava ovog vikenda. Karavani automobila i improvizovane parade prijavljene su u \u010detvrtak 15. septembra na nekoliko lokacija, uklju\u010duju\u0107i one du\u017e Michigan avenije i DuSable Lake Shore Drive-a.<\/p>\n\n\n\n<figure class=\"wp-block-embed is-type-video is-provider-youtube wp-block-embed-youtube wp-embed-aspect-16-9 wp-has-aspect-ratio\"><div class=\"wp-block-embed__wrapper\">\n<iframe loading=\"lazy\" title=\"Chicagoans celebrate Mexican Independence Day\" width=\"500\" height=\"281\" src=\"https:\/\/www.youtube.com\/embed\/VO4Fa-RvzZE?feature=oembed\" frameborder=\"0\" allow=\"accelerometer; autoplay; clipboard-write; encrypted-media; gyroscope; picture-in-picture; web-share\" referrerpolicy=\"strict-origin-when-cross-origin\" allowfullscreen><\/iframe>\n<\/div><\/figure>\n\n\n\n<p class=\"wp-block-paragraph\">Iako grad \u010cikago nije najavio zatvaranje ulica, gradska kancelarija za upravljanje vanrednim situacijama i komunikacije saop\u0161tila je u \u010detvrtak 15. septembra da do nedelje stanovnici mogu \u201eo\u010dekivati pove\u0107anu saobra\u0107ajnu aktivnost u celom gradu\u201c.<\/p>\n\n\n\n<p class=\"wp-block-paragraph\">OMEC ka\u017ee da grad \u201epreduzima odgovaraju\u0107e mere kako bi osigurao bezbednost svih stanovnika za Mexican Independence Day \u201c i tra\u017ei od stanovnika da \u201ebudu svesni svojih suseda i po\u0161tuju druge dok slave\u201c.<\/p>\n\n\n\n<p class=\"wp-block-paragraph\">Planirani doga\u0111aji za Mexican Independence Day u \u010cikagu i predgra\u0111ima:<\/p>\n\n\n\n<ul class=\"wp-block-list\"><li><strong>Annual Mexican Patriotic Parade<\/strong><\/li><\/ul>\n\n\n\n<ul class=\"wp-block-list\"><li>18. septembar<\/li><li>Parada po\u010dinje u 13 \u010dasova.<\/li><li>Ruta parade ide na jug du\u017e Commercial avenije od 87. ulice do 100. ulice i zavr\u0161ava se u 101. ulici<\/li><\/ul>\n\n\n\n<ul class=\"wp-block-list\"><li><strong>Pilsen Fest<\/strong><\/li><\/ul>\n\n\n\n<ul class=\"wp-block-list\"><li>17.-18. septembar, podne &#8211; 22 \u010dasa. Vi\u0161e informacija pogledajte <a href=\"http:\/\/www.pilsenfestchicago.com\/\" target=\"_blank\" rel=\"noreferrer noopener\">here<\/a>.<\/li><\/ul>\n\n\n\n<ul class=\"wp-block-list\"><li><strong>Aurora&#8217;s Mexican Flag Raising Ceremony<\/strong><\/li><\/ul>\n\n\n\n<ul class=\"wp-block-list\"><li>16. septembar, 11 \u010dasova.<\/li><li>One Aurora Plaza<\/li><\/ul>\n\n\n\n<ul class=\"wp-block-list\"><li><strong>Joliet&#8217;s 59th Annual Mexican Independence Day Parade<\/strong><\/li><\/ul>\n\n\n\n<ul class=\"wp-block-list\"><li>17. septembar, 13 \u010dasova. Vi\u0161e informacija pogledajte <a href=\"https:\/\/patch.com\/illinois\/shorewood-il\/calendar\/event\/20220917\/1941697\/59th-mexican-independence-day-parade\" target=\"_blank\" rel=\"noreferrer noopener\">here<\/a>.<\/li><\/ul>\n\n\n\n<ul class=\"wp-block-list\"><li><strong>Fiestas Patrias Festival, Waukegan<\/strong><\/li><li>18. septembar, 14 &#8211; 21 sat. Vi\u0161e informacija <a href=\"https:\/\/www.waukeganil.gov\/Calendar.aspx?EID=9832\" target=\"_blank\" rel=\"noreferrer noopener\">here<\/a>.<\/li><\/ul>\n\n\n\n<ul class=\"wp-block-list\"><li><strong>El Grito, Boilingbrook<\/strong><\/li><\/ul>\n\n\n\n<ul class=\"wp-block-list\"><li>17. septembar. Vi\u0161e informacija<a href=\"https:\/\/allevents.in\/bolingbrook\/el-grito-bolingbrook\/200023143839253\" target=\"_blank\" rel=\"noreferrer noopener\"> here<\/a>.<\/li><\/ul>\n\n\n\n<p class=\"wp-block-paragraph\" style=\"font-size:10px\">SOURCE: <a href=\"https:\/\/www.nbcchicago.com\/news\/local\/mexican-independence-day-celebrations-in-chicago-suburbs-set-for-this-weekend\/2941735\/\" target=\"_blank\" rel=\"noreferrer noopener\">NBC CHICAGO<\/a> | FOTO: NBC CHICAGO <\/p>","protected":false},"excerpt":{"rendered":"<p>O\u010dekuje se da \u0107e hiljade ljudi iza\u0107i na ulice u \u010cikagu i na okupljanja \u0161irom predgra\u0111a kako bi proslavili Mexican Independence Day u petak 16. septembra i tokom vikenda. Praznik, koji pada u petak 16. septembra, slavi progla\u0161enje nezavisnosti Meksika od \u0160panije 1810. godine. U \u010cikagu se praznik obele\u017eava \u0161irokim spektrom proslava, uklju\u010duju\u0107i vatromet i [&hellip;]<\/p>\n","protected":false},"author":3,"featured_media":0,"comment_status":"","ping_status":"","sticky":false,"template":"","format":"standard","meta":{"footnotes":""},"categories":[368,653,438],"tags":[538,457,370,41145,46870,33496,33958,49614,568,49006,3409,13075],"class_list":["post-36577","post","type-post","status-publish","format-standard","hentry","category-vesti-amerika","category-cikago","category-lifestyle","tag-amerika","tag-chicago","tag-cikago","tag-informacije","tag-mexican-independence-day","tag-parada","tag-proslava","tag-proslava-praznika","tag-sad","tag-stanovnici-cikaga","tag-vikend","tag-vikend-u-cikagu"],"_links":{"self":[{"href":"https:\/\/chicagodesavanja.us\/en\/wp-json\/wp\/v2\/posts\/36577","targetHints":{"allow":["GET"]}}],"collection":[{"href":"https:\/\/chicagodesavanja.us\/en\/wp-json\/wp\/v2\/posts"}],"about":[{"href":"https:\/\/chicagodesavanja.us\/en\/wp-json\/wp\/v2\/types\/post"}],"author":[{"embeddable":true,"href":"https:\/\/chicagodesavanja.us\/en\/wp-json\/wp\/v2\/users\/3"}],"replies":[{"embeddable":true,"href":"https:\/\/chicagodesavanja.us\/en\/wp-json\/wp\/v2\/comments?post=36577"}],"version-history":[{"count":0,"href":"https:\/\/chicagodesavanja.us\/en\/wp-json\/wp\/v2\/posts\/36577\/revisions"}],"wp:attachment":[{"href":"https:\/\/chicagodesavanja.us\/en\/wp-json\/wp\/v2\/media?parent=36577"}],"wp:term":[{"taxonomy":"category","embeddable":true,"href":"https:\/\/chicagodesavanja.us\/en\/wp-json\/wp\/v2\/categories?post=36577"},{"taxonomy":"post_tag","embeddable":true,"href":"https:\/\/chicagodesavanja.us\/en\/wp-json\/wp\/v2\/tags?post=36577"}],"curies":[{"name":"WP","href":"https:\/\/api.w.org\/{rel}","templated":true}]}}