{"id":36447,"date":"2022-09-25T05:38:00","date_gmt":"2022-09-25T05:38:00","guid":{"rendered":"https:\/\/chicagodesavanja.us\/tokom-protesta-u-iranu-poginula-41-osoba\/"},"modified":"2022-09-25T05:38:00","modified_gmt":"2022-09-25T05:38:00","slug":"tokom-protesta-u-iranu-poginula-41-osoba","status":"publish","type":"post","link":"https:\/\/chicagodesavanja.us\/en\/vesti\/tokom-protesta-u-iranu-poginula-41-osoba\/","title":{"rendered":"Tokom protesta u Iranu poginula 41 osoba"},"content":{"rendered":"<p class=\"wp-block-paragraph\">U talasu protesta koji su zahvatili Iran posle smrti dvadesetdvogodi\u0161nje devojke Mahse Amini, do sada je poginula najmanje 41 osoba, javila je dr\u017eavna televizija.<\/p>\n\n\n\n<p class=\"wp-block-paragraph\">Protesti nakon njene smrti izbili su u ve\u0107ini od 31 iranske provincije, javila je agencija Rojters.<\/p>\n\n\n\n<p class=\"wp-block-paragraph\">Iranski predsednik Ebrahim Raisi rekao je ju\u010de da Iran mora &#8222;odlu\u010dno da se pozabavi sa onima koji naru\u0161avaju bezbednost i mir u zemlji&#8220;, prenosi Rojters pozivaju\u0107i se izve\u0161taj iranskih dr\u017eavnih medija.<\/p>\n\n\n\n<p class=\"wp-block-paragraph\">Raisi je to poru\u010dio tokom telefonskog razgovora, u kome je izjavio sau\u010de\u0161\u0107e porodici pripadnika bezbednosnih snaga koji je ubijen tokom protesta pro\u0161le nedelje.<\/p>\n\n\n\n<p class=\"wp-block-paragraph\">Raisi je rekao da provladine demonstracije u Iranu pokazuju u potpunosti mo\u0107 Islamske republike, a Rojters je preneo da su provladini demonstranti pozivali na pogubljenje ljudi koji protestuju protiv re\u017eima, nakon \u0161to je 22-godi\u0161nja devojka umrla, kako oni tvrde, od posledica mu\u010denja takozvane policije za moral, prenosi Tanjug.<\/p>\n\n\n\n<p class=\"wp-block-paragraph\">Amini, devojke iz iranske provincije Kurdistan, pala je u komu i umrla nakon \u0161to ju je u Teheranu pro\u0161le sedmice uhapsila policija za moral zbog nepo\u0161tovanja pravila no\u0161enja hid\u017eaba, \u0161to je izazvalo demonstracije u vi\u0161e oblasti, uklju\u010duju\u0107i glavni grad.<\/p>\n\n\n\n<p class=\"wp-block-paragraph\"><\/p>\n\n\n\n<p class=\"wp-block-paragraph\" style=\"font-size:10px\">SOURCE: <a href=\"http:\/\/www.politika.rs\" target=\"_blank\" rel=\"noopener\">Politics<\/a> PHOTO: SCREENSHOT<\/p>","protected":false},"excerpt":{"rendered":"<p>U talasu protesta koji su zahvatili Iran posle smrti dvadesetdvogodi\u0161nje devojke Mahse Amini, do sada je poginula najmanje 41 osoba, javila je dr\u017eavna televizija. Protesti nakon njene smrti izbili su u ve\u0107ini od 31 iranske provincije, javila je agencija Rojters. Iranski predsednik Ebrahim Raisi rekao je ju\u010de da Iran mora &#8222;odlu\u010dno da se pozabavi sa [&hellip;]<\/p>\n","protected":false},"author":4,"featured_media":0,"comment_status":"","ping_status":"","sticky":false,"template":"","format":"standard","meta":{"footnotes":""},"categories":[431,369],"tags":[6564,18811,884,1161,1167,36398],"class_list":["post-36447","post","type-post","status-publish","format-standard","hentry","category-svet","category-vesti","tag-demonstracije","tag-demonstranti","tag-iran","tag-policija","tag-protesti-u-srbiji","tag-ubistvo"],"_links":{"self":[{"href":"https:\/\/chicagodesavanja.us\/en\/wp-json\/wp\/v2\/posts\/36447","targetHints":{"allow":["GET"]}}],"collection":[{"href":"https:\/\/chicagodesavanja.us\/en\/wp-json\/wp\/v2\/posts"}],"about":[{"href":"https:\/\/chicagodesavanja.us\/en\/wp-json\/wp\/v2\/types\/post"}],"author":[{"embeddable":true,"href":"https:\/\/chicagodesavanja.us\/en\/wp-json\/wp\/v2\/users\/4"}],"replies":[{"embeddable":true,"href":"https:\/\/chicagodesavanja.us\/en\/wp-json\/wp\/v2\/comments?post=36447"}],"version-history":[{"count":0,"href":"https:\/\/chicagodesavanja.us\/en\/wp-json\/wp\/v2\/posts\/36447\/revisions"}],"wp:attachment":[{"href":"https:\/\/chicagodesavanja.us\/en\/wp-json\/wp\/v2\/media?parent=36447"}],"wp:term":[{"taxonomy":"category","embeddable":true,"href":"https:\/\/chicagodesavanja.us\/en\/wp-json\/wp\/v2\/categories?post=36447"},{"taxonomy":"post_tag","embeddable":true,"href":"https:\/\/chicagodesavanja.us\/en\/wp-json\/wp\/v2\/tags?post=36447"}],"curies":[{"name":"WP","href":"https:\/\/api.w.org\/{rel}","templated":true}]}}