{"id":36354,"date":"2022-10-02T05:35:00","date_gmt":"2022-10-02T05:35:00","guid":{"rendered":"https:\/\/chicagodesavanja.us\/bill-gates-evropa-ce-se-suociti-sa-opasnom-zimom\/"},"modified":"2022-10-02T05:35:00","modified_gmt":"2022-10-02T05:35:00","slug":"bill-gates-evropa-ce-se-suociti-sa-opasnom-zimom","status":"publish","type":"post","link":"https:\/\/chicagodesavanja.us\/en\/vesti\/bill-gates-evropa-ce-se-suociti-sa-opasnom-zimom\/","title":{"rendered":"Bill Gates alarmirao javnost: Evropa bi ove zime mogla da se suo\u010di sa veoma zastra\u0161uju\u0107om situacijom!"},"content":{"rendered":"<p class=\"wp-block-paragraph\">Osniva\u010d Microsoft-a&nbsp;Bill Gates&nbsp;rekao je da bi Evropa ove zime mogla da se suo\u010di&nbsp;sa \u201eveoma zastra\u0161uju\u0107om situacijom\u201c, upozoravaju\u0107i da bi porast cena energenata&nbsp;\u0161irom regiona mogao da zna\u010di da ljudi ne\u0107e mo\u0107i da greju svoje domove, usred napora nekih nacija da odbace rusku energiju bez ikakve odr\u017eive alternative.<\/p>\n\n\n\n<p class=\"wp-block-paragraph\">U razgovoru sa novinarom Blumberga Ak\u0161atom Ratijem za epizodu podkasta u \u010detvrtak, Gejts je zamoljen da prokomentari\u0161e \u201espektakularno lo\u0161e\u201d izglede za Evropljane zbog sve vi\u0161ih cena energenata&nbsp;ove zime.<\/p>\n\n\n\n<p class=\"wp-block-paragraph\">&#8211; Razlika u koli\u010dini prirodnog gasa koja vam je potrebna u veoma hladnoj zimi u odnosu na blagu zimu&nbsp;iznenadi\u0107e ljude. To je skoro faktor tri. Zato se nadajte da \u0107e biti&nbsp;prili\u010dno blaga zima&#8230; Ako zima bude o\u0161tra, kompromisi su veoma, veoma te\u0161ki, uklju\u010duju\u0107i i ograni\u010davanje industrijske upotrebe energije&nbsp;velikim delom, za \u0161ta ljudi zapravo nisu spremni &#8211; kazao je milijarder.<\/p>\n\n\n\n<p class=\"wp-block-paragraph\">Gates je bio skepti\u010dan u vezi sa izjavama nekih zapadnih zemalja da \u0107e odustati od&nbsp;kupovine ruskih energenata&nbsp;u znak odmazde zbog&nbsp;sukoba u Ukrajini, sugeri\u0161u\u0107i da \u0107e Evropa morati da ostane zavisna od tog uvoza jo\u0161 neko vreme.<\/p>\n\n\n\n<p class=\"wp-block-paragraph\">&#8211; Dakle, kada mi ljudi ka\u017eu: \u201eHej, mi volimo va\u0161e klimatske akcije, jer mo\u017eemo da ka\u017eemo Putinu da nam on ne treba&#8220;, ja ka\u017eem: \u201eDa, 10 godina&nbsp;od sada. Pozovi ga i reci mu da ti ne treba&#8220;.<\/p>\n\n\n\n<p class=\"wp-block-paragraph\">Gates je tvrdio da je ponovno aktiviranje elektrana na ugalj i oslanjanje na druge manje zelene izvore energije \u201epragmati\u010dno\u201c i da \u0107e \u010dak biti \u201edobro za klimu\u201c na duge staze, dok \u201eu kratkom periodu\u00a0jednostavno morate pron\u0107i bilo kakvo re\u0161enje, \u010dak i ako to zna\u010di da \u0107e koli\u010dina emisija rasti.&#8220;<\/p>\n\n\n\n<p class=\"wp-block-paragraph\">Biv\u0161i izvr\u0161ni direktor Microsoft-a tako\u0111e je opisao pote\u0161ko\u0107e klimatskog aktivizma, napominju\u0107i da on zapravo \u201etra\u017ei od dru\u0161tva\u201c da se \u201eudalji\u201c od jeftinijih i dugotrajnijih alternativa za dobrobit planete, \u010dak ide toliko daleko da sugeri\u0161e da neki ekolo\u0161ki problemi mo\u017eda nikada ne\u0107e imati re\u0161enje.<\/p>\n\n\n\n<p class=\"wp-block-paragraph\">&#8211; Mislim da nije realno re\u0107i da \u0107e ljudi u potpunosti promeniti svoj na\u010din \u017eivota zbog zabrinutosti za klimu. Mo\u017eete imati kulturnu revoluciju u kojoj poku\u0161avate da sve izbacite, mo\u017eete stvoriti situaciju severnokorejskog tipa u kojoj dr\u017eava ima kontrolu. Osim ogromnog centralnog autoriteta kom&nbsp;se ljudi samo povinuju, mislim da problem kolektivne akcije jednostavno nije potpuno re\u0161iv &#8211; kazao je on.<\/p>\n\n\n\n<p class=\"wp-block-paragraph\">\u010cak i kada bi sve svetske \u201ebogate zemlje\u201c jednostavno nestale, one bi \u010dinile samo manje od jedne tre\u0107ine globalnih emisija ugljenika, rekao je Gates, dodaju\u0107i da \u201e\u010dak ni spre\u010davanje ekscesa bogatih zemalja, kao ni potpuno obuzdavanje tih zemalja nije re\u0161enje za ovaj problem\u201d.<\/p>\n\n\n\n<p class=\"wp-block-paragraph\" style=\"font-size:10px\">SOURCE: <a href=\"https:\/\/24sedam.rs\/svet\/vesti\/165093\/bil-gejts-alarmirao-javnost-evropa-bi-ove-zime-mogla-da-se-suoci-sa-veoma-zastrasujucom-situacijom\/vest\" target=\"_blank\" rel=\"noreferrer noopener\">24SEDAM<\/a> I FOTO: CNBC<\/p>","protected":false},"excerpt":{"rendered":"<p>Osniva\u010d Microsoft-a&nbsp;Bill Gates&nbsp;rekao je da bi Evropa ove zime mogla da se suo\u010di&nbsp;sa \u201eveoma zastra\u0161uju\u0107om situacijom\u201c, upozoravaju\u0107i da bi porast cena energenata&nbsp;\u0161irom regiona mogao da zna\u010di da ljudi ne\u0107e mo\u0107i da greju svoje domove, usred napora nekih nacija da odbace rusku energiju bez ikakve odr\u017eive alternative. U razgovoru sa novinarom Blumberga Ak\u0161atom Ratijem za epizodu [&hellip;]<\/p>\n","protected":false},"author":3,"featured_media":0,"comment_status":"","ping_status":"","sticky":false,"template":"","format":"standard","meta":{"footnotes":""},"categories":[431,369],"tags":[8507,433,434,51925,21219,11995],"class_list":["post-36354","post","type-post","status-publish","format-standard","hentry","category-svet","category-vesti","tag-bill-gates","tag-evropa","tag-evropska-unija","tag-opasna-zima","tag-ruski-gas","tag-zima"],"_links":{"self":[{"href":"https:\/\/chicagodesavanja.us\/en\/wp-json\/wp\/v2\/posts\/36354","targetHints":{"allow":["GET"]}}],"collection":[{"href":"https:\/\/chicagodesavanja.us\/en\/wp-json\/wp\/v2\/posts"}],"about":[{"href":"https:\/\/chicagodesavanja.us\/en\/wp-json\/wp\/v2\/types\/post"}],"author":[{"embeddable":true,"href":"https:\/\/chicagodesavanja.us\/en\/wp-json\/wp\/v2\/users\/3"}],"replies":[{"embeddable":true,"href":"https:\/\/chicagodesavanja.us\/en\/wp-json\/wp\/v2\/comments?post=36354"}],"version-history":[{"count":0,"href":"https:\/\/chicagodesavanja.us\/en\/wp-json\/wp\/v2\/posts\/36354\/revisions"}],"wp:attachment":[{"href":"https:\/\/chicagodesavanja.us\/en\/wp-json\/wp\/v2\/media?parent=36354"}],"wp:term":[{"taxonomy":"category","embeddable":true,"href":"https:\/\/chicagodesavanja.us\/en\/wp-json\/wp\/v2\/categories?post=36354"},{"taxonomy":"post_tag","embeddable":true,"href":"https:\/\/chicagodesavanja.us\/en\/wp-json\/wp\/v2\/tags?post=36354"}],"curies":[{"name":"WP","href":"https:\/\/api.w.org\/{rel}","templated":true}]}}