{"id":36278,"date":"2022-10-07T05:40:00","date_gmt":"2022-10-07T05:40:00","guid":{"rendered":"https:\/\/chicagodesavanja.us\/grci-zbog-krize-menjaju-radno-vreme-u-radnjama\/"},"modified":"2022-10-07T05:40:00","modified_gmt":"2022-10-07T05:40:00","slug":"grci-zbog-krize-menjaju-radno-vreme-u-radnjama","status":"publish","type":"post","link":"https:\/\/chicagodesavanja.us\/en\/vesti\/grci-zbog-krize-menjaju-radno-vreme-u-radnjama\/","title":{"rendered":"Grci zbog krize menjaju radno vreme u radnjama"},"content":{"rendered":"<p class=\"wp-block-paragraph\">Energetska kriza menja radno vreme u prodavnicama, a po\u010detak je dalo Udru\u017eenje trgovaca Soluna.<\/p>\n\n\n\n<p class=\"wp-block-paragraph\">Udru\u017eenje je u svim formalnostima pokrenulo pitanje skra\u0107enog radnog vremena i dalo relevantan predlog. Sli\u010dna razmi\u0161ljanja navodno ima i Trgovinsko udru\u017eenje u Atini, dok o toj ideji razmi\u0161lja i Ministarstvo razvoja, prenosi Blic.<\/p>\n\n\n\n<p class=\"wp-block-paragraph\">Drasti\u010dan pad prihoda prodavnica i gu\u0161enje kupovne mo\u0107i potro\u0161a\u010da kao rezultat energetske krize podigli su uzbunu sa radikalnim smanjenjem radnog vremena koje je na stolu.<\/p>\n\n\n\n<p class=\"wp-block-paragraph\">Trgovinsko udru\u017eenje u Solunu predlo\u017eilo je skra\u0107eno radno vreme u popodnevnim\/ve\u010dernjim satima.<\/p>\n\n\n\n<p class=\"wp-block-paragraph\">Prema pisanju lista Efimerida ton sintakton, Udru\u017eenje je u saop\u0161tenju predlo\u017eilo da novo skra\u0107eno radno vreme stupi na snagu od slede\u0107e nedelje, odnosno od ponedeljka, 10. oktobra 2022. godine.<\/p>\n\n\n\n<p class=\"wp-block-paragraph\">Predlo\u017eeno radno vreme treba da bude strukturirano na slede\u0107i na\u010din:<\/p>\n\n\n\n<p class=\"wp-block-paragraph\">Ponedeljak &#8211; Sreda &#8211; Subota: 10:00 do 16:00 \u010dasova<\/p>\n\n\n\n<p class=\"wp-block-paragraph\">Utorak \u2013 \u010detvrtak \u2013 petak: od 10:00 do 19:00 \u010dasova<\/p>\n\n\n\n<p class=\"wp-block-paragraph\">Program koji je predlo\u017eilo Udru\u017eenje potpuno elimini\u0161e nedeljno otvaranje radnji kao i rad sa podeljenim radnim vremenom.<\/p>\n\n\n\n<p class=\"wp-block-paragraph\">&#8222;Zbog problema koje stvara energetska kriza i nepredvi\u0111enih te\u0161ko\u0107a predstoje\u0107e zime, smanjenja prometa na tr\u017ei\u0161tu i zahteva vlade za smanjenjem potro\u0161nje elektri\u010dne energije, Upravni odbor Solunskog trgovinskog udru\u017eenja je odlu\u010dio da predlo\u017ei smanjenje poslovanja sati radnji u popodnevnim\/ve\u010dernjim satima\u201c, navodi se u saop\u0161tenju.<\/p>\n\n\n\n<p class=\"wp-block-paragraph\">Sli\u010dna razmi\u0161ljanja navodno postoje i u Atinskom trgovinskom udru\u017eenju koje, me\u0111utim, predla\u017ee da takva regulacija bude, a ne dobrovoljna, i da uklju\u010duje i supermarkete kako bi se izbegla &#8222;nelojalna konkurencija&#8220; jer supermarketi prodaju i proizvode osim hrane i pi\u0107a.<\/p>\n\n\n\n<p class=\"wp-block-paragraph\">Supermarketi i veliki lanci prodavnica, kako u Gr\u010dkoj, tako i u inostranstvu, navodno se protive smanjenom radnom vremenu, smatraju\u0107i da \u0107e korist biti minimalna, a posledice posebno negativne u nizu stvari, kao \u0161to su zapo\u0161ljavanje, poslovni promet i usluga za gra\u0111ane.<\/p>\n\n\n\n<p class=\"wp-block-paragraph\">Navode i da \u0107e to biti negativno za potro\u0161a\u010de koji su nau\u010dili odre\u0111eni raspored i te\u0161ko da \u0107e mo\u0107i da promene navike. Istovremeno napominju da \u0107e, ako skra\u0107eno radno vreme stupi na snagu, zapo\u0161ljavanje neizbe\u017eno biti pogo\u0111eno u periodu od klju\u010dnog zna\u010daja za gr\u010dku ekonomiju.<\/p>\n\n\n\n<p class=\"wp-block-paragraph\">Pored toga, oni tvrde da \u0107e korist biti minimalna, jer komercijalna preduze\u0107a i supermarketi nemaju ure\u0111aje koji tro\u0161e energiju, a jedina potro\u0161nja energije odnosi se na svetla i klima ure\u0111aje. \u010cak ni u supermarketima koji imaju velike fri\u017eidere, smanjenje radnog vremena ne\u0107e doneti nikakav efekat, jer oni rade 24 sata dnevno.<\/p>\n\n\n\n<p class=\"wp-block-paragraph\">Ministarstvo razvoja nije negativno prema predlogu skra\u0107enog radnog vremena u prodavnicama jer \u0107e to poslu\u017eiti centralnoj politi\u010dkoj liniji za smanjenje potro\u0161nje energije.<\/p>\n\n\n\n<p class=\"wp-block-paragraph\" style=\"font-size:10px\">IZVOR: BLIC, <a href=\"https:\/\/www.b92.net\/biz\/vesti\/svet\/grci-zbog-krize-menjaju-radno-vreme-u-radnjama-2223724\" target=\"_blank\" rel=\"noreferrer noopener\">B92<\/a><a href=\"https:\/\/aktuelnosti.us\/\" target=\"_blank\" rel=\"noreferrer noopener\">:<\/a> PHOTO: PIXABAY<\/p>","protected":false},"excerpt":{"rendered":"<p>Energetska kriza menja radno vreme u prodavnicama, a po\u010detak je dalo Udru\u017eenje trgovaca Soluna. Udru\u017eenje je u svim formalnostima pokrenulo pitanje skra\u0107enog radnog vremena i dalo relevantan predlog. Sli\u010dna razmi\u0161ljanja navodno ima i Trgovinsko udru\u017eenje u Atini, dok o toj ideji razmi\u0161lja i Ministarstvo razvoja, prenosi Blic. Drasti\u010dan pad prihoda prodavnica i gu\u0161enje kupovne mo\u0107i [&hellip;]<\/p>\n","protected":false},"author":1,"featured_media":0,"comment_status":"","ping_status":"","sticky":false,"template":"","format":"standard","meta":{"footnotes":""},"categories":[431,369],"tags":[51854,531,385,50488,5627,43724,51855],"class_list":["post-36278","post","type-post","status-publish","format-standard","hentry","category-svet","category-vesti","tag-grci","tag-grcka","tag-kriza","tag-radnje","tag-radno-vreme","tag-solun","tag-udruzenje-trgovaca"],"_links":{"self":[{"href":"https:\/\/chicagodesavanja.us\/en\/wp-json\/wp\/v2\/posts\/36278","targetHints":{"allow":["GET"]}}],"collection":[{"href":"https:\/\/chicagodesavanja.us\/en\/wp-json\/wp\/v2\/posts"}],"about":[{"href":"https:\/\/chicagodesavanja.us\/en\/wp-json\/wp\/v2\/types\/post"}],"author":[{"embeddable":true,"href":"https:\/\/chicagodesavanja.us\/en\/wp-json\/wp\/v2\/users\/1"}],"replies":[{"embeddable":true,"href":"https:\/\/chicagodesavanja.us\/en\/wp-json\/wp\/v2\/comments?post=36278"}],"version-history":[{"count":0,"href":"https:\/\/chicagodesavanja.us\/en\/wp-json\/wp\/v2\/posts\/36278\/revisions"}],"wp:attachment":[{"href":"https:\/\/chicagodesavanja.us\/en\/wp-json\/wp\/v2\/media?parent=36278"}],"wp:term":[{"taxonomy":"category","embeddable":true,"href":"https:\/\/chicagodesavanja.us\/en\/wp-json\/wp\/v2\/categories?post=36278"},{"taxonomy":"post_tag","embeddable":true,"href":"https:\/\/chicagodesavanja.us\/en\/wp-json\/wp\/v2\/tags?post=36278"}],"curies":[{"name":"WP","href":"https:\/\/api.w.org\/{rel}","templated":true}]}}