{"id":35945,"date":"2022-10-30T07:15:00","date_gmt":"2022-10-30T07:15:00","guid":{"rendered":"https:\/\/chicagodesavanja.us\/proglasena-nacionalna-zalost-u-juznoj-koreji-153-osobe-poginule-na-proslavi-noci-vestica\/"},"modified":"2022-10-30T07:15:00","modified_gmt":"2022-10-30T07:15:00","slug":"proglasena-nacionalna-zalost-u-juznoj-koreji-153-osobe-poginule-na-proslavi-noci-vestica","status":"publish","type":"post","link":"https:\/\/chicagodesavanja.us\/en\/vesti\/proglasena-nacionalna-zalost-u-juznoj-koreji-153-osobe-poginule-na-proslavi-noci-vestica\/","title":{"rendered":"Nacionalna \u017ealost u Ju\u017enoj Koreji &#8211; broj \u017ertava stampeda porastao na 153, najmanje 82 osobe povre\u0111ene (VIDEO)"},"content":{"rendered":"<p class=\"wp-block-paragraph\">U stampedu na proslavi No\u0107i ve\u0161tica u ju\u017enokorejskoj prestonici poginule su 153 osobe &#8211; uglavnom tinejd\u017eeri i mladi ljudi u dvadesetim godinama, najnoviji su podaci koje su objavile spasila\u010dke slu\u017ebe. Povre\u0111ene su najmanje 82 osobe. Predsednik Ju\u017ene Koreje Jun Suk Jol proglasio je nacionalnu \u017ealost.<\/p>\n\n\n\n<p class=\"wp-block-paragraph\">Strahuje se da broj \u017ertava&nbsp;<a href=\"https:\/\/chicagodesavanja.us\/en\/vesti\/najmanje-146-poginulih-tokom-proslave-noci-vestica\/\" target=\"_blank\" rel=\"noreferrer noopener\">stampeda u centru Seula<\/a>, glavnog grada Ju\u017ene Koreje, nije kona\u010dan, jer me\u0111u povre\u0111enima ima onih u te\u0161kom i kriti\u010dnom stanju, prenosi&nbsp;<em>Rojters<\/em>.<\/p>\n\n\n\n<p class=\"wp-block-paragraph\">Iz spasila\u010dke brigade saop\u0161teno je da je do sada potvr\u0111ena smrt 153 osobe, me\u0111u kojima i 22 strana dr\u017eavljana iz 12 dr\u017eava &#8211; Kine, Irana, Rusije, SAD, Australije, Uzbekistana, Vijetnama, Kazahstana, Austrije, \u0160ri Lanke, Tajlanda, Norve\u0161ke.<\/p>\n\n\n\n<p class=\"wp-block-paragraph\">S druge strane, ministarstvo unutra\u0161njih poslova je saop\u0161tilo da je u stampedu poginulo 20 stranaca.<\/p>\n\n\n\n<p class=\"wp-block-paragraph\"><em>Jonhap<\/em>&nbsp;prenosi da je me\u0111u \u017ertvama najvi\u0161e \u017eenskih osoba, najverovatnije 97 njih.<\/p>\n\n\n\n<p class=\"wp-block-paragraph\">Prema dosada\u0161njim podacima, povre\u0111ene su 82 osobe, od kojih 19 te\u017ee.<\/p>\n\n\n\n<p class=\"wp-block-paragraph\">Incident se, kako su naveli iz lokalne vatrogasne slu\u017ebe, dogodio oko 22.20 po lokalnom vremenu tokom proslave No\u0107i ve\u0161tica u seulskom kvartu Itevon.<\/p>\n\n\n\n<p class=\"wp-block-paragraph\">Zvani\u010dnik dr\u017eavne vatrogasne slu\u017ebe \u010coj \u010ceon Sik rekao je da se veruje da je vi\u0161e ljudi prega\u017eeno nakon \u0161to se velika grupa ljudi uputila u usku ulicu kod hotela &#8222;Hamilton&#8220;, poznatog mesta za \u017eurke u Seulu.<\/p>\n\n\n\n<p class=\"wp-block-paragraph\">Ju\u017enokorejska agencija&nbsp;<em>Jonhap&nbsp;<\/em>prenosi da se nekoliko stotina ljudi u jednom trenutku na\u0161lo na nizbrdici, u uli\u010dici \u0161irokoj samo \u010detiri metara, odakle nisu mogli da se sklone ili pobegnu, pa su po\u010deli da padaju jedni preko drugih.<\/p>\n\n\n\n<p class=\"wp-block-paragraph\">O\u010devici ka\u017eu da su ljudi u panici zbog gu\u017eve po\u010deli da se gomilaju jedni na druge, zbog \u010dega mnogi nisu mogli da do\u0111u do vazduha.<\/p>\n\n\n\n<p class=\"wp-block-paragraph\">Prvobitno je javljeno da su poginule dve osobe, nakon \u010dega je broj poginulih porastao na 59. Ubrzo su iz Ju\u017ene Koreje po\u010dele da sti\u017eu informacije da broj \u017ertava stampeda ne prestaje da raste.<\/p>\n\n\n\n<p class=\"wp-block-paragraph\">Predsednik Ju\u017ene Koreje Jun Suk Jol proglasio je nacionalnu \u017ealost i izrazio sau\u010de\u0161\u0107e porodicama stradalih, uglavnom tinejd\u017eera i mladih u dvadesetim godinama. Povre\u0111enima je po\u017eeleo brz oporavak.<\/p>\n\n\n\n<figure class=\"wp-block-embed is-type-rich is-provider-twitter wp-block-embed-twitter\"><div class=\"wp-block-embed__wrapper\">\nhttps:\/\/twitter.com\/Gerashchenko_en\/status\/1586432748520181761?ref_src=twsrc%5Etfw%7Ctwcamp%5Etweetembed%7Ctwterm%5E1586432748520181761%7Ctwgr%5Ee7614e21ad6ebe70f5fd3f9972c7d561a4adbc84%7Ctwcon%5Es1_&#038;ref_url=https%3A%2F%2F24sedam.rs%2Fsvet%2Fvesti%2F172065%2Fhiljade-ljudi-bile-zarobljene-u-uskim-ulicicama-a-onda-je-nastala-panika-zastrasujuci-snimci-iz-seula-video%2Fvest\n<\/div><\/figure>\n\n\n\n<p class=\"wp-block-paragraph\"><\/p>\n\n\n\n<p class=\"wp-block-paragraph\">Svetski zvani\u010dnici od jutros izra\u017eavaju sau\u010de\u0161\u0107e Ju\u017enoj Koreji i porodicama stradalih i povre\u0111enih. Me\u0111u njima su kineski predsednik Si \u0110inping, predsednik SAD D\u017eozef Bajden, britanski premijer Ri\u0161i Sunak, kanadski premijer D\u017eastin Trido, ministarka spoljnih poslova Norve\u0161ke Aniken Fitfeld&#8230;<\/p>\n\n\n\n<p class=\"wp-block-paragraph\">Ovo je najve\u0107a tragedija u Ju\u017enoj Koreji od 2014. godine. Tada je potonuo trajekt, pri \u010demu su poginule 304 osobe, uglavnom srednjo\u0161kolci.<\/p>\n\n\n\n<p class=\"wp-block-paragraph\" style=\"font-size:10px\">SOURCE: <a href=\"https:\/\/www.rts.rs\/page\/stories\/sr\/story\/10\/svet\/5001906\/seul-stampedo-zrtve.html\" target=\"_blank\" rel=\"noreferrer noopener\">RTS<\/a> I FOTO: NIKKEI ASIA<\/p>","protected":false},"excerpt":{"rendered":"<p>U stampedu na proslavi No\u0107i ve\u0161tica u ju\u017enokorejskoj prestonici poginule su 153 osobe &#8211; uglavnom tinejd\u017eeri i mladi ljudi u dvadesetim godinama, najnoviji su podaci koje su objavile spasila\u010dke slu\u017ebe. Povre\u0111ene su najmanje 82 osobe. Predsednik Ju\u017ene Koreje Jun Suk Jol proglasio je nacionalnu \u017ealost. Strahuje se da broj \u017ertava&nbsp;stampeda u centru Seula, glavnog grada [&hellip;]<\/p>\n","protected":false},"author":3,"featured_media":0,"comment_status":"","ping_status":"","sticky":false,"template":"","format":"standard","meta":{"wpai_generated_summary":"","footnotes":""},"categories":[431,369],"tags":[51476,51477,10608,49629,46145,51478,31399],"class_list":["post-35945","post","type-post","status-publish","format-standard","hentry","category-svet","category-vesti","tag-153-poginulo","tag-helloween-proslava","tag-juzna-koreja","tag-nacionalna-zalost","tag-panika","tag-proslava-noci-vestica","tag-seul"],"_links":{"self":[{"href":"https:\/\/chicagodesavanja.us\/en\/wp-json\/wp\/v2\/posts\/35945","targetHints":{"allow":["GET"]}}],"collection":[{"href":"https:\/\/chicagodesavanja.us\/en\/wp-json\/wp\/v2\/posts"}],"about":[{"href":"https:\/\/chicagodesavanja.us\/en\/wp-json\/wp\/v2\/types\/post"}],"author":[{"embeddable":true,"href":"https:\/\/chicagodesavanja.us\/en\/wp-json\/wp\/v2\/users\/3"}],"replies":[{"embeddable":true,"href":"https:\/\/chicagodesavanja.us\/en\/wp-json\/wp\/v2\/comments?post=35945"}],"version-history":[{"count":0,"href":"https:\/\/chicagodesavanja.us\/en\/wp-json\/wp\/v2\/posts\/35945\/revisions"}],"wp:attachment":[{"href":"https:\/\/chicagodesavanja.us\/en\/wp-json\/wp\/v2\/media?parent=35945"}],"wp:term":[{"taxonomy":"category","embeddable":true,"href":"https:\/\/chicagodesavanja.us\/en\/wp-json\/wp\/v2\/categories?post=35945"},{"taxonomy":"post_tag","embeddable":true,"href":"https:\/\/chicagodesavanja.us\/en\/wp-json\/wp\/v2\/tags?post=35945"}],"curies":[{"name":"WP","href":"https:\/\/api.w.org\/{rel}","templated":true}]}}