{"id":35701,"date":"2022-11-15T05:15:00","date_gmt":"2022-11-15T05:15:00","guid":{"rendered":"https:\/\/chicagodesavanja.us\/turska-napadamo\/"},"modified":"2022-11-15T05:15:00","modified_gmt":"2022-11-15T05:15:00","slug":"turska-napadamo","status":"publish","type":"post","link":"https:\/\/chicagodesavanja.us\/en\/vesti\/turska-napadamo\/","title":{"rendered":"Turska: Napadamo"},"content":{"rendered":"<p class=\"wp-block-paragraph\">Nakon bomba\u0161kog napada u Instanbulu, Turska je otkrila da planira napad na Kurde u Siriji.<\/p>\n\n\n\n<p class=\"wp-block-paragraph\">Turska planira akciju na ciljeve u severnoj Siriji, nakon \u0161to zavr\u0161i prekograni\u010dnu operaciju protiv militanata Kurdistanske radni\u010dke partije (PKK) u Iraku, saop\u0161tio je danas visoki turski zvani\u010dnik, nakon bomba\u0161kog napada u Istanbulu za koji je Ankara okrivila kurdske ekstremiste.<\/p>\n\n\n\n<p class=\"wp-block-paragraph\">Turska je za eksploziju u ulici Istiklal u Istanbulu, u kojoj je u nedelju poginulo \u0161est ljudi, a povre\u0111eno vi\u0161e od 80 njih, okrivila kurdske teroriste, prenosi Reuters.<\/p>\n\n\n\n<p class=\"wp-block-paragraph\">Pretnje koje kurdski militanti i Islamska dr\u017eava predstavljaju Turskoj su neprihvatljive, rekao je turski zvani\u010dnik, dodaju\u0107i da \u0107e Ankara &#8222;na ovaj ili onaj na\u010din\u201c otkloniti pretnje du\u017e svoje ju\u017ene granice.<\/p>\n\n\n\n<p class=\"wp-block-paragraph\">Turska je izvr\u0161ila tri upada u severnu Siriju, protiv milicije sirijskih Kurda, za koju tvrdi da je krilo PKK, koju Ankara, Va\u0161ington i Evropska unija smatraju teroristi\u010dkom organizacijom, navodi Reuters.<\/p>\n\n\n\n<p class=\"wp-block-paragraph\" style=\"font-size:10px\">IZVOR: TANJUG, <a href=\"https:\/\/www.b92.net\/info\/vesti\/index.php?yyyy=2022&amp;mm=11&amp;dd=15&amp;nav_category=78&amp;nav_id=2242913\" target=\"_blank\" rel=\"noreferrer noopener\">B92<\/a>: FOTO: TANJUG\/AP<\/p>","protected":false},"excerpt":{"rendered":"<p>Nakon bomba\u0161kog napada u Instanbulu, Turska je otkrila da planira napad na Kurde u Siriji. Turska planira akciju na ciljeve u severnoj Siriji, nakon \u0161to zavr\u0161i prekograni\u010dnu operaciju protiv militanata Kurdistanske radni\u010dke partije (PKK) u Iraku, saop\u0161tio je danas visoki turski zvani\u010dnik, nakon bomba\u0161kog napada u Istanbulu za koji je Ankara okrivila kurdske ekstremiste. Turska [&hellip;]<\/p>\n","protected":false},"author":1,"featured_media":0,"comment_status":"","ping_status":"","sticky":false,"template":"","format":"standard","meta":{"footnotes":""},"categories":[431,369],"tags":[5697,1483,6717,5771],"class_list":["post-35701","post","type-post","status-publish","format-standard","hentry","category-svet","category-vesti","tag-kurdi","tag-napad","tag-sirija","tag-turska"],"_links":{"self":[{"href":"https:\/\/chicagodesavanja.us\/en\/wp-json\/wp\/v2\/posts\/35701","targetHints":{"allow":["GET"]}}],"collection":[{"href":"https:\/\/chicagodesavanja.us\/en\/wp-json\/wp\/v2\/posts"}],"about":[{"href":"https:\/\/chicagodesavanja.us\/en\/wp-json\/wp\/v2\/types\/post"}],"author":[{"embeddable":true,"href":"https:\/\/chicagodesavanja.us\/en\/wp-json\/wp\/v2\/users\/1"}],"replies":[{"embeddable":true,"href":"https:\/\/chicagodesavanja.us\/en\/wp-json\/wp\/v2\/comments?post=35701"}],"version-history":[{"count":0,"href":"https:\/\/chicagodesavanja.us\/en\/wp-json\/wp\/v2\/posts\/35701\/revisions"}],"wp:attachment":[{"href":"https:\/\/chicagodesavanja.us\/en\/wp-json\/wp\/v2\/media?parent=35701"}],"wp:term":[{"taxonomy":"category","embeddable":true,"href":"https:\/\/chicagodesavanja.us\/en\/wp-json\/wp\/v2\/categories?post=35701"},{"taxonomy":"post_tag","embeddable":true,"href":"https:\/\/chicagodesavanja.us\/en\/wp-json\/wp\/v2\/tags?post=35701"}],"curies":[{"name":"WP","href":"https:\/\/api.w.org\/{rel}","templated":true}]}}