{"id":35553,"date":"2022-11-24T06:00:00","date_gmt":"2022-11-24T06:00:00","guid":{"rendered":"https:\/\/chicagodesavanja.us\/nato-rasporedjuje-vojsku-belorusija-ulazi-u-rat\/"},"modified":"2022-11-24T06:00:00","modified_gmt":"2022-11-24T06:00:00","slug":"nato-rasporedjuje-vojsku-belorusija-ulazi-u-rat","status":"publish","type":"post","link":"https:\/\/chicagodesavanja.us\/en\/vesti\/nato-rasporedjuje-vojsku-belorusija-ulazi-u-rat\/","title":{"rendered":"NATO raspore\u0111uje vojsku: Belorusija ulazi u rat?"},"content":{"rendered":"<p class=\"wp-block-paragraph\">Pove\u0107anje broja vojnika NATO-a na istoku je poku\u0161aj da se osvoji potencijalni prostor za borbena dejstva, izjavio je predsednik Belorusije Aleksandar Luka\u0161enko.<\/p>\n\n\n\n<p class=\"wp-block-paragraph\">Severnoatlantska alijansa je kona\u010dno u\u010dvrstila svoj antiruski i antibeloruski pravac, rekao je Luka\u0161enko i dodao da zapadne zemlje, koje su ve\u0107 potpuno uklju\u010dene u sukob u Ukrajini, nastoje da u taj konflikt uvuku i Belorusiju.<\/p>\n\n\n\n<p class=\"wp-block-paragraph\">&#8222;Pod izgovorom navodnog obuzdavanja agresivnog pona\u0161anja Rusije i njenih saveznika u toku je planirano pove\u0107avanje vojnog prisustva SAD i drugih zemalja NATO-a na zapadnim granicama ODKB-a, odnosno na na\u0161im granicama. Zapad nastavlja da prebacuje na isto\u010dno krilo NATO-a vojsku, naoru\u017eanje i vojnu tehniku. Pove\u0107ava se intezitet njihove operativne i borbene obuke. \u0160ta je to ako nije osvajanje potencijalnog prostora borbenih dejstava?, rekao je Luka\u0161enko, a prenosi agencija Belta.<\/p>\n\n\n\n<p class=\"wp-block-paragraph\">On je podsetio na to da Belorusija, po\u010dev od 2014. godine, \u010dini sve \u0161to mo\u017ee da se ukrajinski sukob prekine.<\/p>\n\n\n\n<p class=\"wp-block-paragraph\">&#8222;Zemlje Zapada su optu\u017eile i nastavljaju da nas optu\u017euju za sve smrtne grehove. Poku\u0161avaju svim snagama da uvuku Belorusiju u taj sukob, iako su same &#8216;do grla&#8217; u njega uvu\u010dene. Na njihovim poligonima se obu\u010dava na hiljade ukrajinskih vojnika, u skladu s programima NATO-a. Kijev se snabdeva zapadnim naoru\u017eanjem i vojnom tehnikom. \u0160ta je to ako nije direktna uklju\u010denost u sukob? A kako da se razume izjava generalnog sekretara NATO-a koji ka\u017ee da \u0107e poraz Ukrajine zna\u010diti poraz Severnoatlantske alijanse?, rekao je Luka\u0161enko.<\/p>\n\n\n\n<p class=\"wp-block-paragraph\">On je doga\u0111aje u Ukrajini uporedio s tornadom koji postaje sve sna\u017eniji, a koji u svoju spiralu uvla\u010di sve ve\u0107i broj zemalja i stvara nove probleme.<\/p>\n\n\n\n<h4 class=\"wp-block-heading\" id=\"h-zaustavite-krvoprolice\">&#8222;Zaustavite krvoproli\u0107e&#8220;<\/h4>\n\n\n\n<p class=\"wp-block-paragraph\">Beloruski predsednik je istakao da je potrebno zaustaviti krvoproli\u0107e u Ukrajini i po\u010deti pregovore o miru, ali je upozorio na to da je pitanje da li \u0107e Kijevu dozvoliti da sedne za pregovara\u010dki sto.<\/p>\n\n\n\n<p class=\"wp-block-paragraph\">&#8222;Mi smo ukazivali na degradaciju sistema me\u0111unarodne bezbednosti, obezvre\u0111ivanje sporazuma u oblasti razoru\u017eavanja i kontrole nad naoru\u017eanjem. Na\u017ealost, tada nas niko nije slu\u0161ao. I tragi\u010dan rezultat tog licemernog stava vidimo danas u Ukrajini&#8220;, konstatovao je Luka\u0161enko.<\/p>\n\n\n\n<p class=\"wp-block-paragraph\">Beloruski predsednik je naglasio da u me\u0111unarodnoj politici ne sme biti ucenjivanja upotrebom nuklearnog oru\u017eja, podsetiv\u0161i na to da \u201epoljsko rukovodstvo iskazuje spremnost da na teritoriji svoje zemlje razmesti nuklearno oru\u017eje\u201c.<\/p>\n\n\n\n<p class=\"wp-block-paragraph\">&#8222;Dobro je \u0161to me\u0111u Amerikancima, treba im odati du\u017eno po\u0161tovanje, jo\u0161 ima zdravorazumnih ljudi koji odli\u010dno razumeju opasnost od nuklearnih igara, posebno s nepredvidivim partnerima&#8220;, naglasio je Luka\u0161enko.<\/p>\n\n\n\n<p class=\"wp-block-paragraph\" style=\"font-size:10px\">IZVOR:\u00a0SPUTNJIK, <a href=\"https:\/\/www.b92.net\/info\/vesti\/index.php?yyyy=2022&amp;mm=11&amp;dd=23&amp;nav_category=78&amp;nav_id=2247481\" target=\"_blank\" rel=\"noreferrer noopener\">B92<\/a><a href=\"https:\/\/aktuelnosti.us\/\" target=\"_blank\" rel=\"noopener\">:<\/a> FOTO: PRINTSCREEN<\/p>","protected":false},"excerpt":{"rendered":"<p>Pove\u0107anje broja vojnika NATO-a na istoku je poku\u0161aj da se osvoji potencijalni prostor za borbena dejstva, izjavio je predsednik Belorusije Aleksandar Luka\u0161enko. Severnoatlantska alijansa je kona\u010dno u\u010dvrstila svoj antiruski i antibeloruski pravac, rekao je Luka\u0161enko i dodao da zapadne zemlje, koje su ve\u0107 potpuno uklju\u010dene u sukob u Ukrajini, nastoje da u taj konflikt uvuku [&hellip;]<\/p>\n","protected":false},"author":1,"featured_media":0,"comment_status":"","ping_status":"","sticky":false,"template":"","format":"standard","meta":{"wpai_generated_summary":"","footnotes":""},"categories":[431,369],"tags":[10494,50992,47205,50993,837,50994,50995,50996,38781,11035,42938,50997],"class_list":["post-35553","post","type-post","status-publish","format-standard","hentry","category-svet","category-vesti","tag-aleksandar-lukasenko","tag-borbena-dejstva","tag-broj","tag-na-istoku","tag-nato","tag-osvoji","tag-pokusaj","tag-potencijalni","tag-povecanje","tag-predsednik-belorusije","tag-prostor","tag-vojnika"],"_links":{"self":[{"href":"https:\/\/chicagodesavanja.us\/en\/wp-json\/wp\/v2\/posts\/35553","targetHints":{"allow":["GET"]}}],"collection":[{"href":"https:\/\/chicagodesavanja.us\/en\/wp-json\/wp\/v2\/posts"}],"about":[{"href":"https:\/\/chicagodesavanja.us\/en\/wp-json\/wp\/v2\/types\/post"}],"author":[{"embeddable":true,"href":"https:\/\/chicagodesavanja.us\/en\/wp-json\/wp\/v2\/users\/1"}],"replies":[{"embeddable":true,"href":"https:\/\/chicagodesavanja.us\/en\/wp-json\/wp\/v2\/comments?post=35553"}],"version-history":[{"count":0,"href":"https:\/\/chicagodesavanja.us\/en\/wp-json\/wp\/v2\/posts\/35553\/revisions"}],"wp:attachment":[{"href":"https:\/\/chicagodesavanja.us\/en\/wp-json\/wp\/v2\/media?parent=35553"}],"wp:term":[{"taxonomy":"category","embeddable":true,"href":"https:\/\/chicagodesavanja.us\/en\/wp-json\/wp\/v2\/categories?post=35553"},{"taxonomy":"post_tag","embeddable":true,"href":"https:\/\/chicagodesavanja.us\/en\/wp-json\/wp\/v2\/tags?post=35553"}],"curies":[{"name":"WP","href":"https:\/\/api.w.org\/{rel}","templated":true}]}}