{"id":35496,"date":"2022-11-29T05:37:10","date_gmt":"2022-11-29T05:37:10","guid":{"rendered":"https:\/\/chicagodesavanja.us\/bela-kuca-blista-za-praznike-jill-biden-pokazala-svu-raskos-medju-77-jelki\/"},"modified":"2022-11-29T05:37:10","modified_gmt":"2022-11-29T05:37:10","slug":"bela-kuca-blista-za-praznike-jill-biden-pokazala-svu-raskos-medju-77-jelki","status":"publish","type":"post","link":"https:\/\/chicagodesavanja.us\/en\/vesti\/bela-kuca-blista-za-praznike-jill-biden-pokazala-svu-raskos-medju-77-jelki\/","title":{"rendered":"Bela ku\u0107a blista za praznike, Jill Biden pokazala svu rasko\u0161 me\u0111u 77 jelki (VIDEO)"},"content":{"rendered":"<p class=\"wp-block-paragraph\">Prva dama SAD Jill Biden &#8222;vratila je ljude natrag u Belu ku\u0107u&#8220; novom dekoracijom povodom pretstoje\u0107ih bo\u017ei\u0107nih praznika, prenose mediji.<\/p>\n\n\n\n<figure class=\"wp-block-embed is-type-video is-provider-youtube wp-block-embed-youtube wp-embed-aspect-16-9 wp-has-aspect-ratio\"><div class=\"wp-block-embed__wrapper\">\n<iframe loading=\"lazy\" title=\"First lady Jill Biden unveils 2022 White House holiday decorations\" width=\"500\" height=\"281\" src=\"https:\/\/www.youtube.com\/embed\/VSDm7ncFO98?feature=oembed\" frameborder=\"0\" allow=\"accelerometer; autoplay; clipboard-write; encrypted-media; gyroscope; picture-in-picture; web-share\" referrerpolicy=\"strict-origin-when-cross-origin\" allowfullscreen><\/iframe>\n<\/div><\/figure>\n\n\n\n<p class=\"wp-block-paragraph\"><\/p>\n\n\n\n<p class=\"wp-block-paragraph\">Dom predsednika SAD ponovo je otvoren za javne obilaske i po prvi put od pandemije koronavirusa, a prva dama je odabrala da Belu ku\u0107u krase brojni ukrasi u stilu \u201euradi sam\u201c. Tema ovogodi\u0161nje dekoracije u njenom domu je \u201eMi, ljudi\u201c.<\/p>\n\n\n\n<p class=\"wp-block-paragraph\">Bela ku\u0107a ka\u017ee da se vi\u0161e od 150 volontera okupilo da ukrase zgradu tokom nedelju dana.<\/p>\n\n\n\n<p class=\"wp-block-paragraph\">&#8211; Vrednosti koje nas ujedinjuju nalaze se svuda oko vas, vera u mogu\u0107nost i optimizam i jedinstvo &#8211;\u00a0rekla je prva dama.<\/p>\n\n\n\n<p class=\"wp-block-paragraph\">Oko Bele ku\u0107e nalazi se 77 jelki, 25 venaca i vi\u0161e od 83.615 prazni\u010dnih lampica, saop\u0161tila je kancelarija prve dame.\u00a0<\/p>\n\n\n\n<p class=\"wp-block-paragraph\">Glavna jelka u Plavoj sobi je ukra\u0161ena pticama iz svake ameri\u010dke savezne dr\u017eave. U trpezariji, \u010darape na kaminu krase imena Biden-ovih unuka. Po prvi put, tu je \u010darapa koja nosi ime Peter Neal-a, za koga se Naomi Biden udala pro\u0161log vikenda.<\/p>\n\n\n\n<p class=\"wp-block-paragraph\">Tu su i \u010darape za prvog psa i prvu ma\u010dku. Ku\u0107ni ljubimci se pojavljuju tri puta na razli\u010ditim lokacijama u dekoru Bele ku\u0107e.<\/p>\n\n\n\n<p class=\"wp-block-paragraph\">Drve\u0107e u trpezariji su znak koji upu\u0107uje na korene Jill Biden koja je u\u010diteljica. Ornamenti na drve\u0107u su autoportreti koje su napravili u\u010denici iz cele zemlje.<\/p>\n\n\n\n<p class=\"wp-block-paragraph\">Tradicionalna \u201eBela ku\u0107a od medenjaka\u201c uklju\u010duje \u010dak 20 listova testa za kola\u010de, 30 listova testa za medenjake, \u010dokoladu i glazuru. U biblioteci je preambula Ustava SAD ispisana na papirnim transparentima koji ukra\u0161avaju prozore.<\/p>\n\n\n\n<p class=\"wp-block-paragraph\">Crvena soba je ukra\u0161ena sve\u0107ama koje predstavljaju veru i omogu\u0107avaju tihu refleksiju. Tako\u0111e sadr\u017ei i orhideje koje su jedno od omiljenih cve\u0107a Jill Biden. Zelena soba ima muzi\u010dku temu inspirisanu bo\u017ei\u0107nim pesmama. Dekor uklju\u010duje zvona i sanke.<\/p>\n\n\n\n<p class=\"wp-block-paragraph\">Isto\u010dna soba je posve\u0107ena prirodi koja je prekrivena snegom. Ograde kamina sadr\u017ee \u010detiri nacionalna parka: Veliki kanjon, Nacionalni park Jelouston, Nacinalni park \u0160enandoa i Velike Smouki planine.<\/p>\n\n\n\n<p class=\"wp-block-paragraph\">Prva dama je bila inspirisana saveznim dr\u017eavama SAD koje je posetila tokom svog boravka u Beloj ku\u0107i.<\/p>\n\n\n\n<p class=\"wp-block-paragraph\">O\u010dekuje se da \u0107e Belu ku\u0107u ove godine posetiti vi\u0161e od 50.000 ljudi tokom prazni\u010dne sezone.<\/p>\n\n\n\n<p class=\"wp-block-paragraph\" style=\"font-size:10px\">SOURCE: <a href=\"https:\/\/24sedam.rs\/svet\/vesti\/179133\/bela-kuca-blista-za-praznike-dzil-bajden-pokazala-svu-raskos\/vest\" target=\"_blank\" rel=\"noreferrer noopener\">24SEDAM <\/a>FOTO: DESERT NEWS <\/p>","protected":false},"excerpt":{"rendered":"<p>Prva dama SAD Jill Biden &#8222;vratila je ljude natrag u Belu ku\u0107u&#8220; novom dekoracijom povodom pretstoje\u0107ih bo\u017ei\u0107nih praznika, prenose mediji. Dom predsednika SAD ponovo je otvoren za javne obilaske i po prvi put od pandemije koronavirusa, a prva dama je odabrala da Belu ku\u0107u krase brojni ukrasi u stilu \u201euradi sam\u201c. Tema ovogodi\u0161nje dekoracije u [&hellip;]<\/p>\n","protected":false},"author":3,"featured_media":0,"comment_status":"","ping_status":"","sticky":false,"template":"","format":"standard","meta":{"wpai_generated_summary":"","footnotes":""},"categories":[368,369],"tags":[538,2880,14353,16727,37407,14867,5498,568,35861],"class_list":["post-35496","post","type-post","status-publish","format-standard","hentry","category-vesti-amerika","category-vesti","tag-amerika","tag-bela-kuca","tag-bozic","tag-bozicna-jelka","tag-jill-biden","tag-nova-godina","tag-praznik","tag-sad","tag-ukrasi"],"_links":{"self":[{"href":"https:\/\/chicagodesavanja.us\/en\/wp-json\/wp\/v2\/posts\/35496","targetHints":{"allow":["GET"]}}],"collection":[{"href":"https:\/\/chicagodesavanja.us\/en\/wp-json\/wp\/v2\/posts"}],"about":[{"href":"https:\/\/chicagodesavanja.us\/en\/wp-json\/wp\/v2\/types\/post"}],"author":[{"embeddable":true,"href":"https:\/\/chicagodesavanja.us\/en\/wp-json\/wp\/v2\/users\/3"}],"replies":[{"embeddable":true,"href":"https:\/\/chicagodesavanja.us\/en\/wp-json\/wp\/v2\/comments?post=35496"}],"version-history":[{"count":0,"href":"https:\/\/chicagodesavanja.us\/en\/wp-json\/wp\/v2\/posts\/35496\/revisions"}],"wp:attachment":[{"href":"https:\/\/chicagodesavanja.us\/en\/wp-json\/wp\/v2\/media?parent=35496"}],"wp:term":[{"taxonomy":"category","embeddable":true,"href":"https:\/\/chicagodesavanja.us\/en\/wp-json\/wp\/v2\/categories?post=35496"},{"taxonomy":"post_tag","embeddable":true,"href":"https:\/\/chicagodesavanja.us\/en\/wp-json\/wp\/v2\/tags?post=35496"}],"curies":[{"name":"WP","href":"https:\/\/api.w.org\/{rel}","templated":true}]}}