{"id":35386,"date":"2022-12-07T05:27:00","date_gmt":"2022-12-07T05:27:00","guid":{"rendered":"https:\/\/chicagodesavanja.us\/cifre-govore-vise-od-reci-sve-manje-radno-angazovanih-u-obecanoj-zemlji\/"},"modified":"2022-12-07T05:27:00","modified_gmt":"2022-12-07T05:27:00","slug":"cifre-govore-vise-od-reci-sve-manje-radno-angazovanih-u-obecanoj-zemlji","status":"publish","type":"post","link":"https:\/\/chicagodesavanja.us\/en\/vesti\/cifre-govore-vise-od-reci-sve-manje-radno-angazovanih-u-obecanoj-zemlji\/","title":{"rendered":"Cifre govore vi\u0161e od re\u010di: Sve manje radno anga\u017eovanih u &#8222;obe\u0107anoj zemlji&#8220;"},"content":{"rendered":"<p class=\"wp-block-paragraph\">Stopa u\u010de\u0161\u0107a radne snage u SAD pala je tre\u0107i mesec zaredom u novembru, \u0161to dodatno nagla\u0161ava aktuelnu borbu preduze\u0107a da prona\u0111u dovoljan broj radnika.<\/p>\n\n\n\n<p class=\"wp-block-paragraph\">Udeo Amerikanaca koji rade ili aktivno tra\u017ee posao pao je na 62,1%, pokazuju vladini podaci.<\/p>\n\n\n\n<p class=\"wp-block-paragraph\">Stopa participacije radne snage (predstavlja udeo zaposlenih i nezaposlenih lica u ukupnom broju lica radnog uzrasta 15 \u2013 64 godine) porasla je na 62,4% u avgustu, \u0161to odgovara vrhuncu postignutom nakon pandemije, u martu, ali je i dalje znatno ispod onoga kako je bilo pre pandemije.<\/p>\n\n\n\n<p class=\"wp-block-paragraph\">&#8211; Nismo dobili nikakvu pomo\u0107 od stope participacije, koja nastavlja da se kre\u0107e u pogre\u0161nom smeru i odr\u017ea\u0107e konkurentnost radne snage na visini, sve dok se privreda ne preokrene slede\u0107e godine &#8211; rekao je Klif Hod\u017e, glavni investicioni zvani\u010dnik u\u00a0Cornerstone Financial.<\/p>\n\n\n\n<p class=\"wp-block-paragraph\">Zabrinutost oko kovida-19, problemi u pronala\u017eenju dadilja\/ustanova za brigu o deci, prevremeno penzionisanje i potisnuta imigracija doprineli su smanjenom procentu radne snage.<\/p>\n\n\n\n<p class=\"wp-block-paragraph\">Pad u\u010de\u0161\u0107a je lo\u0161a vest za zvani\u010dnike Federalnih rezervi, koji su ove godine agresivno podigli kamatne stope dok poku\u0161avaju da ukrote inflaciju. <\/p>\n\n\n\n<p class=\"wp-block-paragraph\">Nadali su se da \u0107e &#8222;hla\u0111enje privrede&#8220; privu\u0107i radnike da se vrate na posao, ali se to jo\u0161 nije dogodilo.<\/p>\n\n\n\n<p class=\"wp-block-paragraph\">Stopa u\u010de\u0161\u0107a radnika uzrasta od 25 do 54 godine, tako\u0111e je opala, sa 82,5% na 82,4%. Taj nivo je tako\u0111e ispod onog zabele\u017eenog pre pandemije. <\/p>\n\n\n\n<p class=\"wp-block-paragraph\">Pad stope participacije va\u017ei za oba pola, premda je pro\u0161log meseca posao napustio ve\u0107i broj \u017eenskih radnika.<\/p>\n\n\n\n<p class=\"wp-block-paragraph\" style=\"font-size:10px\">SOURCE: <a href=\"https:\/\/biznis.telegraf.rs\/karijera\/3595846-stopa-ucesca-radne-snage-u-sad-pada\" target=\"_blank\" rel=\"noreferrer noopener\">BUSINESS TELEGRAPH<\/a> FOTO: WE WORK REMOTELY<\/p>","protected":false},"excerpt":{"rendered":"<p>Stopa u\u010de\u0161\u0107a radne snage u SAD pala je tre\u0107i mesec zaredom u novembru, \u0161to dodatno nagla\u0161ava aktuelnu borbu preduze\u0107a da prona\u0111u dovoljan broj radnika. Udeo Amerikanaca koji rade ili aktivno tra\u017ee posao pao je na 62,1%, pokazuju vladini podaci. Stopa participacije radne snage (predstavlja udeo zaposlenih i nezaposlenih lica u ukupnom broju lica radnog uzrasta [&hellip;]<\/p>\n","protected":false},"author":3,"featured_media":0,"comment_status":"","ping_status":"","sticky":false,"template":"","format":"standard","meta":{"wpai_generated_summary":"","footnotes":""},"categories":[368,369],"tags":[538,50777,4360,397,568,50778],"class_list":["post-35386","post","type-post","status-publish","format-standard","hentry","category-vesti-amerika","category-vesti","tag-amerika","tag-amerikanaci","tag-fed","tag-radnici","tag-sad","tag-stopa-ucesca-radne-snage"],"_links":{"self":[{"href":"https:\/\/chicagodesavanja.us\/en\/wp-json\/wp\/v2\/posts\/35386","targetHints":{"allow":["GET"]}}],"collection":[{"href":"https:\/\/chicagodesavanja.us\/en\/wp-json\/wp\/v2\/posts"}],"about":[{"href":"https:\/\/chicagodesavanja.us\/en\/wp-json\/wp\/v2\/types\/post"}],"author":[{"embeddable":true,"href":"https:\/\/chicagodesavanja.us\/en\/wp-json\/wp\/v2\/users\/3"}],"replies":[{"embeddable":true,"href":"https:\/\/chicagodesavanja.us\/en\/wp-json\/wp\/v2\/comments?post=35386"}],"version-history":[{"count":0,"href":"https:\/\/chicagodesavanja.us\/en\/wp-json\/wp\/v2\/posts\/35386\/revisions"}],"wp:attachment":[{"href":"https:\/\/chicagodesavanja.us\/en\/wp-json\/wp\/v2\/media?parent=35386"}],"wp:term":[{"taxonomy":"category","embeddable":true,"href":"https:\/\/chicagodesavanja.us\/en\/wp-json\/wp\/v2\/categories?post=35386"},{"taxonomy":"post_tag","embeddable":true,"href":"https:\/\/chicagodesavanja.us\/en\/wp-json\/wp\/v2\/tags?post=35386"}],"curies":[{"name":"WP","href":"https:\/\/api.w.org\/{rel}","templated":true}]}}