{"id":35370,"date":"2022-12-08T05:29:00","date_gmt":"2022-12-08T05:29:00","guid":{"rendered":"https:\/\/chicagodesavanja.us\/turska-15-godina-zatvora-za-ubistvo-srpskog-navijaca\/"},"modified":"2022-12-08T05:29:00","modified_gmt":"2022-12-08T05:29:00","slug":"turska-15-godina-zatvora-za-ubistvo-srpskog-navijaca","status":"publish","type":"post","link":"https:\/\/chicagodesavanja.us\/en\/vesti\/turska-15-godina-zatvora-za-ubistvo-srpskog-navijaca\/","title":{"rendered":"Turska: 15 godina zatvora za ubistvo srpskog navija\u010da"},"content":{"rendered":"<p class=\"wp-block-paragraph\">Mu\u0161karac koji je ubio srpskog navija\u010da Marka Ivkovi\u0107a uo\u010di ko\u0161arka\u0161ke utakmice Galatasaraj\u2013Crvena zvezda u novembru 2014. godine osu\u0111en je na 15 godina zatvora.<\/p>\n\n\n\n<p class=\"wp-block-paragraph\">Vrhovni sud Turske doneo je odluku da Kadir Akta\u0161 za ubistvo Marka Ivkovi\u0107a dobije zatvorsku kaznu od 15 godina.<\/p>\n\n\n\n<p class=\"wp-block-paragraph\">Prethodno je 2017. godine doneta presuda da Akta\u0161 treba da bude osu\u0111en na 25 godina zatvora&nbsp;zbog &#8222;ubistva sa namerom&#8220;.<\/p>\n\n\n\n<p class=\"wp-block-paragraph\">Tu odluku sud je poni\u0161tio uz obrazlo\u017eenje da je okrivljeni tako\u0111e povre\u0111en u incidentu. Sud je nakon poni\u0161tenja prvobitne presude Akta\u0161a osudio na 16 godina zatvora zbog &#8222;namernog ubistva pod nepravednom provokacijom&#8220;.<\/p>\n\n\n\n<p class=\"wp-block-paragraph\">Nakon \u017ealbe ponovljeno je su\u0111enje, a advokat optu\u017eenog zatra\u017eio je da njegov klijent bude pu\u0161ten na slobodu.<\/p>\n\n\n\n<p class=\"wp-block-paragraph\">&#8222;Iako je Srbima zabranjen dolazak na utakmicu, na utakmicu su dolazili autobusima i sa o\u0161trim predmetima u rukama. Ovo je video stru\u010dnjak. Klijent je delovao radi samoodbrane. Klijentu je isteklo vreme u kazneno-popravnom zavodu zatvorenog tipa, tra\u017eimo njegovo pu\u0161tanje na slobodu&#8220;, rekao je advokat Kadira Akta\u0161a.<\/p>\n\n\n\n<p class=\"wp-block-paragraph\">Sud je doneo odluku da optu\u017eeni bude osu\u0111en na 18 godina zatvora zbog &#8222;namernog ubistva pod nepravednom provokacijom&#8220;. <\/p>\n\n\n\n<p class=\"wp-block-paragraph\">Sudsko ve\u0107e je kaznu za ubistvo srpskog navija\u010da smanjilo na 15 godina zatvora.<\/p>\n\n\n\n<p class=\"wp-block-paragraph\"><\/p>\n\n\n\n<p class=\"wp-block-paragraph\" style=\"font-size:10px\">SOURCE: <a href=\"http:\/\/www.rts.rs\" target=\"_blank\" rel=\"noopener\">RTS<\/a> PHOTO: SCREENSHOT<\/p>","protected":false},"excerpt":{"rendered":"<p>Mu\u0161karac koji je ubio srpskog navija\u010da Marka Ivkovi\u0107a uo\u010di ko\u0161arka\u0161ke utakmice Galatasaraj\u2013Crvena zvezda u novembru 2014. godine osu\u0111en je na 15 godina zatvora. Vrhovni sud Turske doneo je odluku da Kadir Akta\u0161 za ubistvo Marka Ivkovi\u0107a dobije zatvorsku kaznu od 15 godina. Prethodno je 2017. godine doneta presuda da Akta\u0161 treba da bude osu\u0111en na [&hellip;]<\/p>\n","protected":false},"author":4,"featured_media":0,"comment_status":"","ping_status":"","sticky":false,"template":"","format":"standard","meta":{"wpai_generated_summary":"","footnotes":""},"categories":[431,369],"tags":[3112,17866,3759,6590,5771,36398,8237],"class_list":["post-35370","post","type-post","status-publish","format-standard","hentry","category-svet","category-vesti","tag-crvena-zvezda","tag-navijaci","tag-sud","tag-sudjenje","tag-turska","tag-ubistvo","tag-zvezda"],"_links":{"self":[{"href":"https:\/\/chicagodesavanja.us\/en\/wp-json\/wp\/v2\/posts\/35370","targetHints":{"allow":["GET"]}}],"collection":[{"href":"https:\/\/chicagodesavanja.us\/en\/wp-json\/wp\/v2\/posts"}],"about":[{"href":"https:\/\/chicagodesavanja.us\/en\/wp-json\/wp\/v2\/types\/post"}],"author":[{"embeddable":true,"href":"https:\/\/chicagodesavanja.us\/en\/wp-json\/wp\/v2\/users\/4"}],"replies":[{"embeddable":true,"href":"https:\/\/chicagodesavanja.us\/en\/wp-json\/wp\/v2\/comments?post=35370"}],"version-history":[{"count":0,"href":"https:\/\/chicagodesavanja.us\/en\/wp-json\/wp\/v2\/posts\/35370\/revisions"}],"wp:attachment":[{"href":"https:\/\/chicagodesavanja.us\/en\/wp-json\/wp\/v2\/media?parent=35370"}],"wp:term":[{"taxonomy":"category","embeddable":true,"href":"https:\/\/chicagodesavanja.us\/en\/wp-json\/wp\/v2\/categories?post=35370"},{"taxonomy":"post_tag","embeddable":true,"href":"https:\/\/chicagodesavanja.us\/en\/wp-json\/wp\/v2\/tags?post=35370"}],"curies":[{"name":"WP","href":"https:\/\/api.w.org\/{rel}","templated":true}]}}