{"id":35244,"date":"2022-12-16T06:00:00","date_gmt":"2022-12-16T06:00:00","guid":{"rendered":"https:\/\/chicagodesavanja.us\/eksplozija-u-turskoj-ima-povredjenih\/"},"modified":"2022-12-16T06:00:00","modified_gmt":"2022-12-16T06:00:00","slug":"eksplozija-u-turskoj-ima-povredjenih","status":"publish","type":"post","link":"https:\/\/chicagodesavanja.us\/en\/vesti\/eksplozija-u-turskoj-ima-povredjenih\/","title":{"rendered":"Eksplozija u Turskoj, ima povre\u0111enih"},"content":{"rendered":"<p class=\"wp-block-paragraph\">Osam turskih policajaca povre\u0111eno je danas u provinciji Dijarbakir, kada je automobil bomba eksplodirao na auto-putu u trenutku kada je njihov minibus prolazio.<\/p>\n\n\n\n<p class=\"wp-block-paragraph\">Ministar unutra\u0161njih poslova Sulejman \u0160ojlu izjavio je da su dve osobe privedene i da se veruje da su oni odgovorni za eksploziju, prenosi Reuters.<\/p>\n\n\n\n<p class=\"wp-block-paragraph\">&#8222;Do\u0161lo je do eksplozije u parkiranom vozilu u 05:10 sati jutros, u trenutku kada je tu prolazilo policijsko vozilo kojim su se radnici prevozili na posao u Dijarbakiru&#8220;, rekao je turski ministar.<\/p>\n\n\n\n<p class=\"wp-block-paragraph\">Kancelarija guvernera Dijarbakira saop\u0161tila je da u eksploziji niko nije te\u017ee povre\u0111en, ali je devet osoba koje su bile u blindiranom minibusu preba\u010deno u bolnicu na detaljnije preglede.<\/p>\n\n\n\n<p class=\"wp-block-paragraph\">Eksplozija se dogodila nekih 10 kilometara ju\u017eno od centra Dijarbakira, najve\u0107eg grada u regionu, saop\u0161tili su izvori. Niko za sada nije preuzeo odgovornost za ovu eskploziju, a kurdski, levi\u010darski i islamisti\u010dki militanti izvodili su bomba\u0161ke napade u Turskoj u pro\u0161losti, navodi Rojters.<\/p>\n\n\n\n<p class=\"wp-block-paragraph\">U najve\u0107em turskom gradu Istanbulu, pro\u0161log meseca je bomba ubila \u0161est ljudi i ranila vi\u0161e desetina njih. Turska je za tu eksploziju okrivila kurdske militante, a vi\u0161e osoba, uklju\u010duju\u0107i sirijsku dr\u017eavljanku, privedene su kao osumnji\u010deni, ali ni za ovaj napad nijedna organizacija nije preuzela odgovornost.<\/p>\n\n\n\n<p class=\"wp-block-paragraph\">Radni\u010dka partija Kurdistana (PKK) i kurdska milicija u Siriji (SDF) negirali su ume\u0161anost u ovaj incident, navodi britanska agencija.<\/p>\n\n\n\n<p class=\"wp-block-paragraph\" style=\"font-size:10px\">IZVOR:\u00a0TANJUG, <a href=\"https:\/\/www.b92.net\/info\/vesti\/index.php?yyyy=2022&amp;mm=12&amp;dd=16&amp;nav_category=78&amp;nav_id=2259822\" target=\"_blank\" rel=\"noreferrer noopener\">B92<\/a><a href=\"https:\/\/aktuelnosti.us\/\" target=\"_blank\" rel=\"noreferrer noopener\">:<\/a> FOTO: EPA-EFE<\/p>","protected":false},"excerpt":{"rendered":"<p>Osam turskih policajaca povre\u0111eno je danas u provinciji Dijarbakir, kada je automobil bomba eksplodirao na auto-putu u trenutku kada je njihov minibus prolazio. Ministar unutra\u0161njih poslova Sulejman \u0160ojlu izjavio je da su dve osobe privedene i da se veruje da su oni odgovorni za eksploziju, prenosi Reuters. &#8222;Do\u0161lo je do eksplozije u parkiranom vozilu u [&hellip;]<\/p>\n","protected":false},"author":1,"featured_media":0,"comment_status":"","ping_status":"","sticky":false,"template":"","format":"standard","meta":{"wpai_generated_summary":"","footnotes":""},"categories":[431,369],"tags":[50643,5305,5771],"class_list":["post-35244","post","type-post","status-publish","format-standard","hentry","category-svet","category-vesti","tag-automobil-bomba","tag-eksplozija","tag-turska"],"_links":{"self":[{"href":"https:\/\/chicagodesavanja.us\/en\/wp-json\/wp\/v2\/posts\/35244","targetHints":{"allow":["GET"]}}],"collection":[{"href":"https:\/\/chicagodesavanja.us\/en\/wp-json\/wp\/v2\/posts"}],"about":[{"href":"https:\/\/chicagodesavanja.us\/en\/wp-json\/wp\/v2\/types\/post"}],"author":[{"embeddable":true,"href":"https:\/\/chicagodesavanja.us\/en\/wp-json\/wp\/v2\/users\/1"}],"replies":[{"embeddable":true,"href":"https:\/\/chicagodesavanja.us\/en\/wp-json\/wp\/v2\/comments?post=35244"}],"version-history":[{"count":0,"href":"https:\/\/chicagodesavanja.us\/en\/wp-json\/wp\/v2\/posts\/35244\/revisions"}],"wp:attachment":[{"href":"https:\/\/chicagodesavanja.us\/en\/wp-json\/wp\/v2\/media?parent=35244"}],"wp:term":[{"taxonomy":"category","embeddable":true,"href":"https:\/\/chicagodesavanja.us\/en\/wp-json\/wp\/v2\/categories?post=35244"},{"taxonomy":"post_tag","embeddable":true,"href":"https:\/\/chicagodesavanja.us\/en\/wp-json\/wp\/v2\/tags?post=35244"}],"curies":[{"name":"WP","href":"https:\/\/api.w.org\/{rel}","templated":true}]}}