{"id":35211,"date":"2022-12-19T05:53:44","date_gmt":"2022-12-19T05:53:44","guid":{"rendered":"https:\/\/chicagodesavanja.us\/ovo-je-muskarac-koji-je-pucao-na-decu-ispred-skole-u-cikagu\/"},"modified":"2026-05-20T21:45:48","modified_gmt":"2026-05-20T21:45:48","slug":"ovo-je-muskarac-koji-je-pucao-na-decu-ispred-skole-u-cikagu","status":"publish","type":"post","link":"https:\/\/chicagodesavanja.us\/en\/vesti\/ovo-je-muskarac-koji-je-pucao-na-decu-ispred-skole-u-cikagu\/","title":{"rendered":"Ovo je mu\u0161karac koji je pucao na decu ispred \u0161kole u \u010cikagu: Usmrtio dvoje, pa se dao u beg &#8211; policija jo\u0161 uvek traga za njim (FOTO)"},"content":{"rendered":"<p class=\"wp-block-paragraph\">U petak 16. decembra popodne,\u00a0u blizini srednje \u0161kole u \u010cikagu, do\u0161lo je do stravi\u010dnog incidenta kada je izvesni\u00a0mu\u0161karac upucao \u010detvoro dece, od kojih su dvoje podlegli povredama.<\/p>\n\n\n\n<figure class=\"wp-block-image aligncenter size-full is-resized\"><img loading=\"lazy\" decoding=\"async\" src=\"https:\/\/aktuelnosti.us\/wp-content\/uploads\/2022\/12\/370047_cikago-pucnjava-2_iff.jpg\" alt=\"\" class=\"wp-image-100533\" width=\"459\" height=\"307\" \/><\/figure>\n\n\n\n<p class=\"wp-block-paragraph\"><\/p>\n\n\n\n<p class=\"wp-block-paragraph\">Pucnjava se dogodila u petak 16. decembra oko 14.45 ispred \u0161kole Benito Huarez, u trenutku kada su deca napu\u0161tala \u0161kolu nakon zavr\u0161etka \u010dasova.<\/p>\n\n\n\n<figure class=\"wp-block-image aligncenter size-full is-resized\"><img loading=\"lazy\" decoding=\"async\" src=\"https:\/\/aktuelnosti.us\/wp-content\/uploads\/2022\/12\/370048_cikago-pucnjava-3_iff.jpg\" alt=\"\" class=\"wp-image-100535\" width=\"452\" height=\"302\" \/><\/figure>\n\n\n\n<p class=\"wp-block-paragraph\"><\/p>\n\n\n\n<p class=\"wp-block-paragraph\">Dvojica de\u010daka, starosti 14 i 15 godina podlegli su povredama jer su zadobili prostrelne rade u predelu glave, dok su tre\u0107i de\u010dak i jedna devoj\u010dica preba\u010deni u bolnicu.<\/p>\n\n\n\n<figure class=\"wp-block-image aligncenter size-full is-resized\"><img loading=\"lazy\" decoding=\"async\" src=\"https:\/\/chicagodesavanja.us\/wp-content\/uploads\/classified-listing\/2025\/02\/USGC3.jpg\" alt=\"\" class=\"wp-image-9043\" width=\"443\" height=\"296\" \/><\/figure>\n\n\n\n<p class=\"wp-block-paragraph\"><\/p>\n\n\n\n<p class=\"wp-block-paragraph\">De\u010dak je zadobio metak u rame i nogu, dok je devoj\u010dica pogo\u0111ena u butinu.<\/p>\n\n\n\n<figure class=\"wp-block-image aligncenter size-full is-resized\"><img loading=\"lazy\" decoding=\"async\" src=\"https:\/\/chicagodesavanja.us\/wp-content\/uploads\/classified-listing\/2025\/02\/USGC2.jpg\" alt=\"\" class=\"wp-image-9042\" width=\"450\" height=\"300\" \/><\/figure>\n\n\n\n<p class=\"wp-block-paragraph\"><\/p>\n\n\n\n<p class=\"wp-block-paragraph\"><strong>Policija je u me\u0111uvremenu objavila fotografiju osumnji\u010denog za napad<\/strong>, koja je po svemu sude\u0107i zabele\u017eena na nekim od obli\u017enjih kamera.<\/p>\n\n\n\n<figure class=\"wp-block-image aligncenter size-full is-resized\"><img loading=\"lazy\" decoding=\"async\" src=\"https:\/\/aktuelnosti.us\/wp-content\/uploads\/2022\/12\/370492_cikago-pucnjava-skola-osumnjiceni03-830x0_iff-1-edited.jpg\" alt=\"\" class=\"wp-image-100549\" width=\"446\" height=\"297\" \/><\/figure>\n\n\n\n<p class=\"wp-block-paragraph\"><\/p>\n\n\n\n<p class=\"wp-block-paragraph\">Oni pozivaju sve gra\u0111ane koji imaju bilo kakve informacije o napadu, da ih kontaktiraju.<\/p>\n\n\n\n<p class=\"wp-block-paragraph\" style=\"font-size:10px\">SOURCE: <a href=\"https:\/\/24sedam.rs\/svet\/vesti\/184292\/otkriven-identitet-coveka-koji-je-pucao-an-decu-u-cikagu\/vest\" target=\"_blank\" rel=\"noreferrer noopener\">24SEDAM <\/a>FOTO: 24SEDAM <\/p>","protected":false},"excerpt":{"rendered":"<p>U petak 16. decembra popodne,\u00a0u blizini srednje \u0161kole u \u010cikagu, do\u0161lo je do stravi\u010dnog incidenta kada je izvesni\u00a0mu\u0161karac upucao \u010detvoro dece, od kojih su dvoje podlegli povredama. Pucnjava se dogodila u petak 16. decembra oko 14.45 ispred \u0161kole Benito Huarez, u trenutku kada su deca napu\u0161tala \u0161kolu nakon zavr\u0161etka \u010dasova. Dvojica de\u010daka, starosti 14 i [&hellip;]<\/p>\n","protected":false},"author":3,"featured_media":0,"comment_status":"closed","ping_status":"","sticky":false,"template":"","format":"standard","meta":{"wpai_generated_summary":"","footnotes":""},"categories":[368,653,369],"tags":[538,457,370,544,42404,31396,1161,50602,3165,568,50603,36398],"class_list":["post-35211","post","type-post","status-publish","format-standard","hentry","category-vesti-amerika","category-cikago","category-vesti","tag-amerika","tag-chicago","tag-cikago","tag-deca","tag-napadac","tag-osumnjiceni","tag-policija","tag-pucao-na-decu","tag-pucnjava","tag-sad","tag-srednja-skola-u-cikagu","tag-ubistvo"],"_links":{"self":[{"href":"https:\/\/chicagodesavanja.us\/en\/wp-json\/wp\/v2\/posts\/35211","targetHints":{"allow":["GET"]}}],"collection":[{"href":"https:\/\/chicagodesavanja.us\/en\/wp-json\/wp\/v2\/posts"}],"about":[{"href":"https:\/\/chicagodesavanja.us\/en\/wp-json\/wp\/v2\/types\/post"}],"author":[{"embeddable":true,"href":"https:\/\/chicagodesavanja.us\/en\/wp-json\/wp\/v2\/users\/3"}],"replies":[{"embeddable":true,"href":"https:\/\/chicagodesavanja.us\/en\/wp-json\/wp\/v2\/comments?post=35211"}],"version-history":[{"count":1,"href":"https:\/\/chicagodesavanja.us\/en\/wp-json\/wp\/v2\/posts\/35211\/revisions"}],"predecessor-version":[{"id":35212,"href":"https:\/\/chicagodesavanja.us\/en\/wp-json\/wp\/v2\/posts\/35211\/revisions\/35212"}],"wp:attachment":[{"href":"https:\/\/chicagodesavanja.us\/en\/wp-json\/wp\/v2\/media?parent=35211"}],"wp:term":[{"taxonomy":"category","embeddable":true,"href":"https:\/\/chicagodesavanja.us\/en\/wp-json\/wp\/v2\/categories?post=35211"},{"taxonomy":"post_tag","embeddable":true,"href":"https:\/\/chicagodesavanja.us\/en\/wp-json\/wp\/v2\/tags?post=35211"}],"curies":[{"name":"WP","href":"https:\/\/api.w.org\/{rel}","templated":true}]}}