{"id":35194,"date":"2022-12-20T05:51:53","date_gmt":"2022-12-20T05:51:53","guid":{"rendered":"https:\/\/chicagodesavanja.us\/rusija-ide-korak-dalje-krece-u-novi-rat\/"},"modified":"2022-12-20T05:51:53","modified_gmt":"2022-12-20T05:51:53","slug":"rusija-ide-korak-dalje-krece-u-novi-rat","status":"publish","type":"post","link":"https:\/\/chicagodesavanja.us\/en\/vesti\/rusija-ide-korak-dalje-krece-u-novi-rat\/","title":{"rendered":"Rusija ide korak dalje: Kre\u0107e u novi rat?"},"content":{"rendered":"<p class=\"wp-block-paragraph\">\u0160ef Slu\u017ebe za informisanje i bezbednost Moldavije Aleksandar Mustjata tvrdi da Rusija, planira da izvr\u0161i invaziju na teritoriju republike po\u010detkom 2023. godine.<\/p>\n\n\n\n<p class=\"wp-block-paragraph\">Me\u0111utim, Mustjata nije pokazao nikakve dokaze.<\/p>\n\n\n\n<p class=\"wp-block-paragraph\">&#8222;Pitanje nije da li \u0107e Ruska Federacija pokrenuti novu ofanzivu na teritoriju Moldavije, ve\u0107 kada \u0107e se to desiti: ili po\u010detkom godine, u januaru-februaru ili kasnije \u2013 u martu-aprilu. Ali, sude\u0107i prema informacijama koje imamo, Ruska Federacija namerava da ide dalje&#8220;, rekao je Mustjata u intervjuu TV Moldavija.<\/p>\n\n\n\n<p class=\"wp-block-paragraph\">On smatra da \u0107e cilj ovih akcija biti ujedinjenje sa Pridnjestrovljem.<\/p>\n\n\n\n<p class=\"wp-block-paragraph\">Mustjata isti\u010de da je rizik od same invazije visok, ali ne zna da li \u0107e ona biti ograni\u010dena samo na teritoriju Pridnjestrovlja.<\/p>\n\n\n\n<p class=\"wp-block-paragraph\">Kako je u ponedeljak prenela televizija Moldavija, moldavski Savet bezbednosti priznaje da bi cilj ove akcije moglo biti skladi\u0161te municije u selu Kolbasna.<\/p>\n\n\n\n<p class=\"wp-block-paragraph\">Pres-slu\u017eba informativno-bezbednosne slu\u017ebe je kasnije u saop\u0161tenju objavljenom na sajtu objasnila da je Mustjata govorio o analizi nekoliko mogu\u0107ih scenarija, od kojih jedan podrazumeva kopnenu invaziju preko teritorije Ukrajine.<\/p>\n\n\n\n<p class=\"wp-block-paragraph\">U resoru nagla\u0161avaju da je &#8222;zadatak Rusije da stvori kopneni koridor u Pridnjestrovlju i danas aktuelan&#8220;.<\/p>\n\n\n\n<p class=\"wp-block-paragraph\" style=\"font-size:10px\">IZVOR:\u00a0SPUTNJIK, <a href=\"https:\/\/www.b92.net\/info\/vesti\/index.php?yyyy=2022&amp;mm=12&amp;dd=19&amp;nav_category=78&amp;nav_id=2261715\" target=\"_blank\" rel=\"noreferrer noopener\">B92<\/a>: FOTO: EPA-EFE<\/p>","protected":false},"excerpt":{"rendered":"<p>\u0160ef Slu\u017ebe za informisanje i bezbednost Moldavije Aleksandar Mustjata tvrdi da Rusija, planira da izvr\u0161i invaziju na teritoriju republike po\u010detkom 2023. godine. Me\u0111utim, Mustjata nije pokazao nikakve dokaze. &#8222;Pitanje nije da li \u0107e Ruska Federacija pokrenuti novu ofanzivu na teritoriju Moldavije, ve\u0107 kada \u0107e se to desiti: ili po\u010detkom godine, u januaru-februaru ili kasnije \u2013 [&hellip;]<\/p>\n","protected":false},"author":1,"featured_media":0,"comment_status":"","ping_status":"","sticky":false,"template":"","format":"standard","meta":{"footnotes":""},"categories":[431,369],"tags":[19904,20098,1483,1154,841],"class_list":["post-35194","post","type-post","status-publish","format-standard","hentry","category-svet","category-vesti","tag-invazija","tag-moldavija","tag-napad","tag-rat","tag-rusija"],"_links":{"self":[{"href":"https:\/\/chicagodesavanja.us\/en\/wp-json\/wp\/v2\/posts\/35194","targetHints":{"allow":["GET"]}}],"collection":[{"href":"https:\/\/chicagodesavanja.us\/en\/wp-json\/wp\/v2\/posts"}],"about":[{"href":"https:\/\/chicagodesavanja.us\/en\/wp-json\/wp\/v2\/types\/post"}],"author":[{"embeddable":true,"href":"https:\/\/chicagodesavanja.us\/en\/wp-json\/wp\/v2\/users\/1"}],"replies":[{"embeddable":true,"href":"https:\/\/chicagodesavanja.us\/en\/wp-json\/wp\/v2\/comments?post=35194"}],"version-history":[{"count":0,"href":"https:\/\/chicagodesavanja.us\/en\/wp-json\/wp\/v2\/posts\/35194\/revisions"}],"wp:attachment":[{"href":"https:\/\/chicagodesavanja.us\/en\/wp-json\/wp\/v2\/media?parent=35194"}],"wp:term":[{"taxonomy":"category","embeddable":true,"href":"https:\/\/chicagodesavanja.us\/en\/wp-json\/wp\/v2\/categories?post=35194"},{"taxonomy":"post_tag","embeddable":true,"href":"https:\/\/chicagodesavanja.us\/en\/wp-json\/wp\/v2\/tags?post=35194"}],"curies":[{"name":"WP","href":"https:\/\/api.w.org\/{rel}","templated":true}]}}