{"id":35079,"date":"2022-12-28T05:47:52","date_gmt":"2022-12-28T05:47:52","guid":{"rendered":"https:\/\/chicagodesavanja.us\/vise-od-6-000-dece-zrtve-vatrenog-oruzja-u-sad-od-pocetka-godine\/"},"modified":"2022-12-28T05:47:52","modified_gmt":"2022-12-28T05:47:52","slug":"vise-od-6-000-dece-zrtve-vatrenog-oruzja-u-sad-od-pocetka-godine","status":"publish","type":"post","link":"https:\/\/chicagodesavanja.us\/en\/vesti\/vise-od-6-000-dece-zrtve-vatrenog-oruzja-u-sad-od-pocetka-godine\/","title":{"rendered":"Stravi\u010dna statistika: Vi\u0161e od 6.000 dece \u017ertve vatrenog oru\u017eja u SAD od po\u010detka godine"},"content":{"rendered":"<p class=\"wp-block-paragraph\">Od po\u010detka godine vi\u0161e od 6.000 dece u SAD povre\u0111eno je ili je poginulo od vatrenog oru\u017eja, saop\u0161tila je organizacija &#8222;Arhive oru\u017eanog nasilja&#8220; koja prati oru\u017eane incidente.<\/p>\n\n\n\n<p class=\"wp-block-paragraph\">Prema podacima ove organizacije, tokom ove godine 6.023 dece od 17 godina ili mla\u0111i bili su \u017ertve oru\u017eanih incidenata, \u0161to je najve\u0107i broj incidenata u proteklih devet godina, kada je organizacija po\u010dela da prikuplja podatke, prenosi Rojters.<\/p>\n\n\n\n<p class=\"wp-block-paragraph\">Prema istim podacima, najmanje 306 dece mla\u0111ih od 12 godina poginulo je u oru\u017eanim incidentima a vi\u0161e od 1.300 dece starosne dobi izme\u0111u 12 i 17 godina izgubilo je \u017eivot od vatrenog oru\u017eja.<\/p>\n\n\n\n<p class=\"wp-block-paragraph\" style=\"font-size:10px\">SOURCE: <a href=\"https:\/\/www.telegraf.rs\/vesti\/svet\/3606849-vise-od-6000-dece-zrtve-vatrenog-oruzja-u-sad\" target=\"_blank\" rel=\"noreferrer noopener\">Telegraph <\/a>FOTO: ABC NEWS <\/p>","protected":false},"excerpt":{"rendered":"<p>Od po\u010detka godine vi\u0161e od 6.000 dece u SAD povre\u0111eno je ili je poginulo od vatrenog oru\u017eja, saop\u0161tila je organizacija &#8222;Arhive oru\u017eanog nasilja&#8220; koja prati oru\u017eane incidente. Prema podacima ove organizacije, tokom ove godine 6.023 dece od 17 godina ili mla\u0111i bili su \u017ertve oru\u017eanih incidenata, \u0161to je najve\u0107i broj incidenata u proteklih devet godina, [&hellip;]<\/p>\n","protected":false},"author":3,"featured_media":0,"comment_status":"","ping_status":"","sticky":false,"template":"","format":"standard","meta":{"footnotes":""},"categories":[368,369],"tags":[538,544,568,6503,36398,36035],"class_list":["post-35079","post","type-post","status-publish","format-standard","hentry","category-vesti-amerika","category-vesti","tag-amerika","tag-deca","tag-sad","tag-smrt","tag-ubistvo","tag-vatreno-oruzje"],"_links":{"self":[{"href":"https:\/\/chicagodesavanja.us\/en\/wp-json\/wp\/v2\/posts\/35079","targetHints":{"allow":["GET"]}}],"collection":[{"href":"https:\/\/chicagodesavanja.us\/en\/wp-json\/wp\/v2\/posts"}],"about":[{"href":"https:\/\/chicagodesavanja.us\/en\/wp-json\/wp\/v2\/types\/post"}],"author":[{"embeddable":true,"href":"https:\/\/chicagodesavanja.us\/en\/wp-json\/wp\/v2\/users\/3"}],"replies":[{"embeddable":true,"href":"https:\/\/chicagodesavanja.us\/en\/wp-json\/wp\/v2\/comments?post=35079"}],"version-history":[{"count":0,"href":"https:\/\/chicagodesavanja.us\/en\/wp-json\/wp\/v2\/posts\/35079\/revisions"}],"wp:attachment":[{"href":"https:\/\/chicagodesavanja.us\/en\/wp-json\/wp\/v2\/media?parent=35079"}],"wp:term":[{"taxonomy":"category","embeddable":true,"href":"https:\/\/chicagodesavanja.us\/en\/wp-json\/wp\/v2\/categories?post=35079"},{"taxonomy":"post_tag","embeddable":true,"href":"https:\/\/chicagodesavanja.us\/en\/wp-json\/wp\/v2\/tags?post=35079"}],"curies":[{"name":"WP","href":"https:\/\/api.w.org\/{rel}","templated":true}]}}