{"id":34974,"date":"2023-01-04T05:48:00","date_gmt":"2023-01-04T05:48:00","guid":{"rendered":"https:\/\/chicagodesavanja.us\/90-posto-amerikanaca-ocekuje-da-ce-2023-obeleziti-politicki-sukobi\/"},"modified":"2023-01-04T05:48:00","modified_gmt":"2023-01-04T05:48:00","slug":"90-posto-amerikanaca-ocekuje-da-ce-2023-obeleziti-politicki-sukobi","status":"publish","type":"post","link":"https:\/\/chicagodesavanja.us\/en\/vesti\/90-posto-amerikanaca-ocekuje-da-ce-2023-obeleziti-politicki-sukobi\/","title":{"rendered":"Anketa: 90 odsto Amerikanaca o\u010dekuje da \u0107e 2023. biti godina politi\u010dkih sukoba"},"content":{"rendered":"<p class=\"wp-block-paragraph\">\u010cak 90 posto Amerikanaca o\u010dekuje da \u0107e 2023. biti godina politi\u010dkog sukoba u Sjedinjenim Ameri\u010dkim Dr\u017eavama (SAD), pokazalo je istra\u017eivanje.<\/p>\n\n\n\n<p class=\"wp-block-paragraph\">Istra\u017eivanje ameri\u010dke analiti\u010dke kompanije Gallup, sprovedeno u jeku sve ve\u0107eg politi\u010dkog animoziteta, pokazalo je da devet od deset Amerikanaca o\u010dekuje politi\u010dki sukob ove godine.<\/p>\n\n\n\n<p class=\"wp-block-paragraph\">Navodi se da 72 posto ispitanika smatra da \u0107e stopa kriminala rasti, a 56 posto predvi\u0111a da \u0107e biti mnogo \u0161trajkova sindikata.<\/p>\n\n\n\n<p class=\"wp-block-paragraph\">Iz kompanije navode da Amerikanci u novu godinu ulaze \u201esa uglavnom tmurnim izgledima\u201c za SAD, a ve\u0107ina ljudi ima negativna o\u010dekivanja na ekonomskom, politi\u010dkom, dru\u0161tvenom i me\u0111unarodnom polju.<\/p>\n\n\n\n<p class=\"wp-block-paragraph\">\u0160to se ti\u010de ekonomije, osam od deset odraslih Amerikanaca misli da \u0107e 2023. biti godina ekonomskih pote\u0161ko\u0107a s vi\u0161im porezima i rastu\u0107im bud\u017eetskim deficitom.<\/p>\n\n\n\n<p class=\"wp-block-paragraph\">\u201e\u0160est od deset Amerikanaca misli da \u0107e cene rasti po visokoj stopi i da \u0107e berza pasti u narednoj godini, \u0161to se dogodilo i u 2022\u201c, navodi se.<\/p>\n\n\n\n<p class=\"wp-block-paragraph\">Me\u0111utim, demokrate se naizgled vi\u0161e nadaju novoj godini u odnosu na republikance i nezavisne.<\/p>\n\n\n\n<p class=\"wp-block-paragraph\">Njihove su pristalice predvidele pet pozitivnih pomaka u 2023. kao \u0161to su pove\u0107anje broja zaposlenih, umeren porast cena, rast tr\u017ei\u0161ta deonica, pove\u0107anje ameri\u010dke mo\u0107i i smanjenje ruske snage.<\/p>\n\n\n\n<p class=\"wp-block-paragraph\">Amerikanci su ve\u0107 na kraju pro\u0161le godine bili pesimisti\u010dniji u o\u010dekivanjima za ekonomiju nego na njenom po\u010detku i u 2021. godini, \u0161to se podudarilo s visokim cenama goriva, navodi Gallup.<\/p>\n\n\n\n<p class=\"wp-block-paragraph\">Inflacija i visoki tro\u0161kovi \u017eivota zauzeli su drugo mesto na listi glavnih problema SAD-a u 2022. godini, prema rezultatima ankete u kojoj ih je izdvojilo 16 posto ispitanika.<\/p>\n\n\n\n<p class=\"wp-block-paragraph\" style=\"font-size:10px\">SOURCE: <a href=\"https:\/\/rs.n1info.com\/svet\/anketa-90-odsto-amerikanaca-ocekuje-da-ce-2023-biti-godina-politickih-sukoba\/\" target=\"_blank\" rel=\"noreferrer noopener\">N1<\/a> I FOTO: ANADOLU<\/p>","protected":false},"excerpt":{"rendered":"<p>\u010cak 90 posto Amerikanaca o\u010dekuje da \u0107e 2023. biti godina politi\u010dkog sukoba u Sjedinjenim Ameri\u010dkim Dr\u017eavama (SAD), pokazalo je istra\u017eivanje. Istra\u017eivanje ameri\u010dke analiti\u010dke kompanije Gallup, sprovedeno u jeku sve ve\u0107eg politi\u010dkog animoziteta, pokazalo je da devet od deset Amerikanaca o\u010dekuje politi\u010dki sukob ove godine. Navodi se da 72 posto ispitanika smatra da \u0107e stopa kriminala [&hellip;]<\/p>\n","protected":false},"author":3,"featured_media":0,"comment_status":"","ping_status":"","sticky":false,"template":"","format":"standard","meta":{"wpai_generated_summary":"","footnotes":""},"categories":[368,369],"tags":[538,498,511,4185,15147,32499],"class_list":["post-34974","post","type-post","status-publish","format-standard","hentry","category-vesti-amerika","category-vesti","tag-amerika","tag-amerikanci","tag-anketa","tag-istrazivanje","tag-ocekivanja","tag-politicki-sukobi"],"_links":{"self":[{"href":"https:\/\/chicagodesavanja.us\/en\/wp-json\/wp\/v2\/posts\/34974","targetHints":{"allow":["GET"]}}],"collection":[{"href":"https:\/\/chicagodesavanja.us\/en\/wp-json\/wp\/v2\/posts"}],"about":[{"href":"https:\/\/chicagodesavanja.us\/en\/wp-json\/wp\/v2\/types\/post"}],"author":[{"embeddable":true,"href":"https:\/\/chicagodesavanja.us\/en\/wp-json\/wp\/v2\/users\/3"}],"replies":[{"embeddable":true,"href":"https:\/\/chicagodesavanja.us\/en\/wp-json\/wp\/v2\/comments?post=34974"}],"version-history":[{"count":0,"href":"https:\/\/chicagodesavanja.us\/en\/wp-json\/wp\/v2\/posts\/34974\/revisions"}],"wp:attachment":[{"href":"https:\/\/chicagodesavanja.us\/en\/wp-json\/wp\/v2\/media?parent=34974"}],"wp:term":[{"taxonomy":"category","embeddable":true,"href":"https:\/\/chicagodesavanja.us\/en\/wp-json\/wp\/v2\/categories?post=34974"},{"taxonomy":"post_tag","embeddable":true,"href":"https:\/\/chicagodesavanja.us\/en\/wp-json\/wp\/v2\/tags?post=34974"}],"curies":[{"name":"WP","href":"https:\/\/api.w.org\/{rel}","templated":true}]}}