{"id":34945,"date":"2023-01-06T05:50:00","date_gmt":"2023-01-06T05:50:00","guid":{"rendered":"https:\/\/chicagodesavanja.us\/erdogan-zelenskom-turska-je-spremna\/"},"modified":"2023-01-06T05:50:00","modified_gmt":"2023-01-06T05:50:00","slug":"erdogan-zelenskom-turska-je-spremna","status":"publish","type":"post","link":"https:\/\/chicagodesavanja.us\/en\/vesti\/erdogan-zelenskom-turska-je-spremna\/","title":{"rendered":"Erdogan Zelenskom: Turska je spremna"},"content":{"rendered":"<p class=\"wp-block-paragraph\">Turska je spremna da preuzme zadatak olak\u0161avanja i posredovanja za uspostavljanje trajnog mira izme\u0111u Rusije i Ukrajine.<\/p>\n\n\n\n<p class=\"wp-block-paragraph\">To je saop\u0161tio kabinet predsednika Turske Red\u017eepa Tajipa Erdogana posle njegovog telefonskog razgovora s predsednikom Ukrajine Volodimirom Zelenskim.<\/p>\n\n\n\n<p class=\"wp-block-paragraph\">Erdogan i Zelenski su razgovarali i o koridoru za brodove za izvoz \u017eita preko Crnog mora i podr\u0161ci Turske Ukrajini kroz humanitarnu pomo\u0107 i energente.<\/p>\n\n\n\n<p class=\"wp-block-paragraph\">Navode\u0107i da se napori Ankare na razmeni zarobljenika nastavljaju, Erdogan je ponudio Zelenskom i da Turska diplomatski doprinese ubrzanju procesa radi regulisanja stanja u nuklearnoj elektrani Zaporo\u017eje, prenosi agencija Anadolija.<\/p>\n\n\n\n<p class=\"wp-block-paragraph\">Erdogan je prethodno danas razgovarao s ruskim predsednikom Vladimirom Putinom i pozvao ga da uvede &#8222;jednostrani prekid vatre&#8220; u Ukrajini, saop\u0161tilo je tursko predsedni\u0161tvo.<\/p>\n\n\n\n<p class=\"wp-block-paragraph\">&#8222;Pozivi na mir i pregovori Moskve i Kijeva treba da budu podr\u017eani jednostranim prekidom vatre&#8220;, rekao je Erdogan Putinu.<\/p>\n\n\n\n<p class=\"wp-block-paragraph\" style=\"font-size:10px\">IZVOR:\u00a0BETA, <a href=\"https:\/\/www.b92.net\/info\/vesti\/index.php?yyyy=2023&amp;mm=01&amp;dd=05&amp;nav_category=78&amp;nav_id=2269323\" target=\"_blank\" rel=\"noreferrer noopener\">B92<\/a><a href=\"https:\/\/aktuelnosti.us\/\" target=\"_blank\" rel=\"noreferrer noopener\">: <\/a>FOTO: EPA-EFE<\/p>","protected":false},"excerpt":{"rendered":"<p>Turska je spremna da preuzme zadatak olak\u0161avanja i posredovanja za uspostavljanje trajnog mira izme\u0111u Rusije i Ukrajine. To je saop\u0161tio kabinet predsednika Turske Red\u017eepa Tajipa Erdogana posle njegovog telefonskog razgovora s predsednikom Ukrajine Volodimirom Zelenskim. Erdogan i Zelenski su razgovarali i o koridoru za brodove za izvoz \u017eita preko Crnog mora i podr\u0161ci Turske Ukrajini [&hellip;]<\/p>\n","protected":false},"author":1,"featured_media":0,"comment_status":"","ping_status":"","sticky":false,"template":"","format":"standard","meta":{"footnotes":""},"categories":[431,369],"tags":[16404,5468,1035,5771,1792],"class_list":["post-34945","post","type-post","status-publish","format-standard","hentry","category-svet","category-vesti","tag-erdogan","tag-posredovanje","tag-pregovori","tag-turska","tag-zelenski"],"_links":{"self":[{"href":"https:\/\/chicagodesavanja.us\/en\/wp-json\/wp\/v2\/posts\/34945","targetHints":{"allow":["GET"]}}],"collection":[{"href":"https:\/\/chicagodesavanja.us\/en\/wp-json\/wp\/v2\/posts"}],"about":[{"href":"https:\/\/chicagodesavanja.us\/en\/wp-json\/wp\/v2\/types\/post"}],"author":[{"embeddable":true,"href":"https:\/\/chicagodesavanja.us\/en\/wp-json\/wp\/v2\/users\/1"}],"replies":[{"embeddable":true,"href":"https:\/\/chicagodesavanja.us\/en\/wp-json\/wp\/v2\/comments?post=34945"}],"version-history":[{"count":0,"href":"https:\/\/chicagodesavanja.us\/en\/wp-json\/wp\/v2\/posts\/34945\/revisions"}],"wp:attachment":[{"href":"https:\/\/chicagodesavanja.us\/en\/wp-json\/wp\/v2\/media?parent=34945"}],"wp:term":[{"taxonomy":"category","embeddable":true,"href":"https:\/\/chicagodesavanja.us\/en\/wp-json\/wp\/v2\/categories?post=34945"},{"taxonomy":"post_tag","embeddable":true,"href":"https:\/\/chicagodesavanja.us\/en\/wp-json\/wp\/v2\/tags?post=34945"}],"curies":[{"name":"WP","href":"https:\/\/api.w.org\/{rel}","templated":true}]}}