{"id":34732,"date":"2023-01-21T05:44:00","date_gmt":"2023-01-21T05:44:00","guid":{"rendered":"https:\/\/chicagodesavanja.us\/sad-uvode-nove-sankcije-vagner-grupi\/"},"modified":"2023-01-21T05:44:00","modified_gmt":"2023-01-21T05:44:00","slug":"sad-uvode-nove-sankcije-vagner-grupi","status":"publish","type":"post","link":"https:\/\/chicagodesavanja.us\/en\/vesti\/sad-uvode-nove-sankcije-vagner-grupi\/","title":{"rendered":"SAD uvode nove sankcije Vagner grupi"},"content":{"rendered":"<p class=\"wp-block-paragraph\">SAD \u0107e naredne nedelje uvesti dodatne sankcije ruskoj privatnoj vojnoj organizaciji Vagner grupa, za koju ameri\u010dki zvani\u010dnici ka\u017eu da pru\u017ea podr\u0161ku ruskoj vojsci u ratu u Ukrajini, saop\u0161teno je iz Bele ku\u0107e.<\/p>\n\n\n\n<p class=\"wp-block-paragraph\">Portparol Saveta za nacionalnu bezbednost John Kirby izjavio je da \u0107e Sekretarijat za finansije ozna\u010diti Vagner kao zna\u010dajnu &#8222;transnacionalnu kriminalnu organizaciju&#8220;.<\/p>\n\n\n\n<p class=\"wp-block-paragraph\">&#8222;Zajedno sa tom oznakom, slede\u0107e nedelje \u0107emo uvesti dodatne sankcije Vagneru i mre\u017ei koja podr\u017eava grupu na vi\u0161e kontinenata. Time se prepoznaje transkontinentalna pretnja koju predstavlja Vagner, kroz svoju trenutnu matricu ozbiljnih kriminalnih aktivnosti&#8220;, rekao je Kirby u Beloj ku\u0107i.<\/p>\n\n\n\n<p class=\"wp-block-paragraph\">Ozna\u010davanje grupe Vagner za transnacionalnu kriminalnu organizaciju na osnovu izvr\u0161ne uredbe 13581 zamrzava se sva imovina grupe u SAD i Amerikancima zabranjuje da joj pru\u017eaju finansijska sredstva, robu ili usluge.<\/p>\n\n\n\n<p class=\"wp-block-paragraph\">&#8222;Tim potezima i nekim novim, koji \u0107e da uslede, \u0161aljemo poruku svakoj kompaniji koja razmi\u0161lja o tome da pru\u017ei podr\u0161ku Vagneru: Vagner je kriminalna organizacija koja \u010dini masovno rasprostranjena zverstva i kr\u0161enja ljudskih prava i neumorno \u0107emo raditi na tome da identifikujemo, poremetimo i raskrinkamo one koji pru\u017eaju pomo\u0107 grupi Vagner&#8220;, rekao je Kirby.<\/p>\n\n\n\n<p class=\"wp-block-paragraph\">Pro\u0161log meseca, Bela ku\u0107a je saop\u0161tila da je Vagner grupa obavila isporuku oru\u017eja iz Severne Koreje da bi pomogla ruskim vojnicima u Ukrajini, \u0161to je znak da grupa igra sve ve\u0107u ulogu u tom sukobu.<\/p>\n\n\n\n<p class=\"wp-block-paragraph\">Ministarstvo spoljnih poslova Severne Koreje je saop\u0161tilo da je izve\u0161taj bez osnova i kritikovalo Sjedinjene Dr\u017eave zbog slanja smrtonosnog oru\u017eja Ukrajini. Vlasnik grupe Vagner Jevegnij Prigo\u017ein pro\u0161log meseca je demantovao da se dogodila isporuka oru\u017eja iz Severne Koreje, a izve\u0161taj opisao kao &#8222;tra\u010d i spekulacije&#8220;.<\/p>\n\n\n\n<p class=\"wp-block-paragraph\">Bela ku\u0107a je objavila fotografiju datiranu na 18. novembar na kojoj se, kako je navedeno, vidi pet ruskih vagona na putu izme\u0111u Rusije i Severne Koreje.&#8220;<\/p>\n\n\n\n<p class=\"wp-block-paragraph\">Kirby je izjavio da je Severna Koreja isporu\u010dila rakete i projektile Rusiji da bi ih koristili pripadnici grupe Vagner.<\/p>\n\n\n\n<p class=\"wp-block-paragraph\">&#8222;19. novembra Severna Koreja je napunila te vagone kontejnerima i voz se vratio za Rusiju&#8220;, naveo je.<\/p>\n\n\n\n<p class=\"wp-block-paragraph\">&#8222;Dok procenjujemo da koli\u010dina materijala dostavljenog Vagneru nije promenila dinamiku na bojnom polju u Ukrajini, o\u010dekujemo da \u0107e grupa nastaviti da dobija severnokorejske sisteme naoru\u017eanja&#8220;, istakao je.<\/p>\n\n\n\n<p class=\"wp-block-paragraph\">Kirby ka\u017ee da se ruski predsesdnik Vladimir Putin sve vi\u0161e okre\u0107e Vagneru tra\u017ee\u0107i vojnu podr\u0161ku, \u0161to izaziva odre\u0111enu tenziju u Moskvi.<\/p>\n\n\n\n<p class=\"wp-block-paragraph\"><\/p>\n\n\n\n<p class=\"wp-block-paragraph\" style=\"font-size:10px\">SOURCE: <a href=\"https:\/\/www.glasamerike.net\/a\/sad-uvode-nove-sankcije-grupi-vagner\/6927308.html\" target=\"_blank\" rel=\"noreferrer noopener\">Voice of America<\/a> PHOTO: SCREENSHOT<\/p>","protected":false},"excerpt":{"rendered":"<p>SAD \u0107e naredne nedelje uvesti dodatne sankcije ruskoj privatnoj vojnoj organizaciji Vagner grupa, za koju ameri\u010dki zvani\u010dnici ka\u017eu da pru\u017ea podr\u0161ku ruskoj vojsci u ratu u Ukrajini, saop\u0161teno je iz Bele ku\u0107e. Portparol Saveta za nacionalnu bezbednost John Kirby izjavio je da \u0107e Sekretarijat za finansije ozna\u010diti Vagner kao zna\u010dajnu &#8222;transnacionalnu kriminalnu organizaciju&#8220;. &#8222;Zajedno sa [&hellip;]<\/p>\n","protected":false},"author":4,"featured_media":0,"comment_status":"","ping_status":"","sticky":false,"template":"","format":"standard","meta":{"footnotes":""},"categories":[368,369],"tags":[538,43905,841,568,50066,47123,47137],"class_list":["post-34732","post","type-post","status-publish","format-standard","hentry","category-vesti-amerika","category-vesti","tag-amerika","tag-john-kirby","tag-rusija","tag-sad","tag-sankcija","tag-vagner","tag-vagner-grupa"],"_links":{"self":[{"href":"https:\/\/chicagodesavanja.us\/en\/wp-json\/wp\/v2\/posts\/34732","targetHints":{"allow":["GET"]}}],"collection":[{"href":"https:\/\/chicagodesavanja.us\/en\/wp-json\/wp\/v2\/posts"}],"about":[{"href":"https:\/\/chicagodesavanja.us\/en\/wp-json\/wp\/v2\/types\/post"}],"author":[{"embeddable":true,"href":"https:\/\/chicagodesavanja.us\/en\/wp-json\/wp\/v2\/users\/4"}],"replies":[{"embeddable":true,"href":"https:\/\/chicagodesavanja.us\/en\/wp-json\/wp\/v2\/comments?post=34732"}],"version-history":[{"count":0,"href":"https:\/\/chicagodesavanja.us\/en\/wp-json\/wp\/v2\/posts\/34732\/revisions"}],"wp:attachment":[{"href":"https:\/\/chicagodesavanja.us\/en\/wp-json\/wp\/v2\/media?parent=34732"}],"wp:term":[{"taxonomy":"category","embeddable":true,"href":"https:\/\/chicagodesavanja.us\/en\/wp-json\/wp\/v2\/categories?post=34732"},{"taxonomy":"post_tag","embeddable":true,"href":"https:\/\/chicagodesavanja.us\/en\/wp-json\/wp\/v2\/tags?post=34732"}],"curies":[{"name":"WP","href":"https:\/\/api.w.org\/{rel}","templated":true}]}}