{"id":34685,"date":"2023-01-25T05:05:00","date_gmt":"2023-01-25T05:05:00","guid":{"rendered":"https:\/\/chicagodesavanja.us\/joanikije-nisam-se-sreo-sa-djukanovicem-vreme-je-da-on-ode\/"},"modified":"2023-01-25T05:05:00","modified_gmt":"2023-01-25T05:05:00","slug":"joanikije-nisam-se-sreo-sa-djukanovicem-vreme-je-da-on-ode","status":"publish","type":"post","link":"https:\/\/chicagodesavanja.us\/en\/vesti\/joanikije-nisam-se-sreo-sa-djukanovicem-vreme-je-da-on-ode\/","title":{"rendered":"Joanikije: Nisam se sreo sa \u0110ukanovi\u0107em, vreme je da on ode"},"content":{"rendered":"<p class=\"wp-block-paragraph\">Mitropolit crnogorsko-primorski Srpske pravoslavne crkve (SPC) Joanikije izjavio je da nije imao susrete sa predsednikom dr\u017eave Milom \u0110ukanovi\u0107em.<\/p>\n\n\n\n<p class=\"wp-block-paragraph\">\u201eNisam imao susret sa Milom \u0110ukanovi\u0107em, niti je on bio zainteresovan, a ni ja. Ne \u017eelim nikom nikakvo zlo. \u010covek je predsednik dr\u017eave i jedne jake partije, to moramo uva\u017eiti. Ipak, mislim da je vreme da ode sa te funkcije\u201c, rekao je on za Adria Tv.<\/p>\n\n\n\n<p class=\"wp-block-paragraph\">\u0110ukanovi\u0107 je, kako je istakao, \u201estupio u kontakt sa njim\u201c kada je podr\u017eao gra\u0111ane koji su protestovali protiv njegovog ustoli\u010denja na Cetinju.<\/p>\n\n\n\n<p class=\"wp-block-paragraph\">\u201eTu se pojavio kao vo\u0111a pokreta koji je trebalo da sru\u0161i Mitropoliju\u201c, istakao je Joanikije.<\/p>\n\n\n\n<p class=\"wp-block-paragraph\">Prema njegovim re\u010dima, iznenadili su ga i povredili potezi biv\u0161eg predsednika dr\u017eave Filipa Vujanovi\u0107a,<\/p>\n\n\n\n<p class=\"wp-block-paragraph\">\u201eFilip Vujanovi\u0107 je obrazovan pravnik, intelektualac, i dobar \u010dovek. Zato me iznenadilo, negde povredilo, to \u0161to je dao podr\u0161ku onom nakaradnom Zakonu o slobodi veroispovesti. On je kao \u010dovek vlasti i poslu\u0161nik \u0110ukanovi\u0107a dao politi\u010dku izjavu, koja je imala te\u017einu, budu\u0107i da je poznat kao dobar pravnik. Iznenadio me je kada je toliko podrivao pri\u010du o Temeljnom ugovoru, da je to bilo nepristojno\u201c, poru\u010dio je Joanikije.<\/p>\n\n\n\n<p class=\"wp-block-paragraph\">On smatra da je govor mr\u017enje kada pojedini mediji i deo javnosti naziva SPC crkvom Srbije.<\/p>\n\n\n\n<p class=\"wp-block-paragraph\" style=\"font-size:10px\">SOURCE: BETA, <a href=\"https:\/\/n1info.rs\/region\/joanikije-nisam-se-sreo-sa-djukanovicem-vreme-je-da-on-ode\/\" target=\"_blank\" rel=\"noreferrer noopener\">N1<\/a>PHOTO: PRINTSCREEN<\/p>","protected":false},"excerpt":{"rendered":"<p>Mitropolit crnogorsko-primorski Srpske pravoslavne crkve (SPC) Joanikije izjavio je da nije imao susrete sa predsednikom dr\u017eave Milom \u0110ukanovi\u0107em. \u201eNisam imao susret sa Milom \u0110ukanovi\u0107em, niti je on bio zainteresovan, a ni ja. Ne \u017eelim nikom nikakvo zlo. \u010covek je predsednik dr\u017eave i jedne jake partije, to moramo uva\u017eiti. Ipak, mislim da je vreme da ode [&hellip;]<\/p>\n","protected":false},"author":1,"featured_media":0,"comment_status":"","ping_status":"","sticky":false,"template":"","format":"standard","meta":{"wpai_generated_summary":"","footnotes":""},"categories":[431,369],"tags":[49209,48374,46936,5499,45828],"class_list":["post-34685","post","type-post","status-publish","format-standard","hentry","category-svet","category-vesti","tag-joanikije","tag-milo-djukanovic","tag-mitropolit","tag-spc","tag-susret"],"_links":{"self":[{"href":"https:\/\/chicagodesavanja.us\/en\/wp-json\/wp\/v2\/posts\/34685","targetHints":{"allow":["GET"]}}],"collection":[{"href":"https:\/\/chicagodesavanja.us\/en\/wp-json\/wp\/v2\/posts"}],"about":[{"href":"https:\/\/chicagodesavanja.us\/en\/wp-json\/wp\/v2\/types\/post"}],"author":[{"embeddable":true,"href":"https:\/\/chicagodesavanja.us\/en\/wp-json\/wp\/v2\/users\/1"}],"replies":[{"embeddable":true,"href":"https:\/\/chicagodesavanja.us\/en\/wp-json\/wp\/v2\/comments?post=34685"}],"version-history":[{"count":0,"href":"https:\/\/chicagodesavanja.us\/en\/wp-json\/wp\/v2\/posts\/34685\/revisions"}],"wp:attachment":[{"href":"https:\/\/chicagodesavanja.us\/en\/wp-json\/wp\/v2\/media?parent=34685"}],"wp:term":[{"taxonomy":"category","embeddable":true,"href":"https:\/\/chicagodesavanja.us\/en\/wp-json\/wp\/v2\/categories?post=34685"},{"taxonomy":"post_tag","embeddable":true,"href":"https:\/\/chicagodesavanja.us\/en\/wp-json\/wp\/v2\/tags?post=34685"}],"curies":[{"name":"WP","href":"https:\/\/api.w.org\/{rel}","templated":true}]}}