{"id":34675,"date":"2023-01-25T06:13:00","date_gmt":"2023-01-25T06:13:00","guid":{"rendered":"https:\/\/chicagodesavanja.us\/sajra-kajtezovic-radi-ono-sto-je-ispunjava\/"},"modified":"2023-01-25T06:13:00","modified_gmt":"2023-01-25T06:13:00","slug":"sajra-kajtezovic-radi-ono-sto-je-ispunjava","status":"publish","type":"post","link":"https:\/\/chicagodesavanja.us\/en\/vesti\/sajra-kajtezovic-radi-ono-sto-je-ispunjava\/","title":{"rendered":"Sajra Kajtezovi\u0107 iz \u010cikaga: ,,\u017dena koja je ostvarila Ameri\u010dki san bez stresa\u201c!"},"content":{"rendered":"<p class=\"wp-block-paragraph\">Zahvaljuju\u0107i tome \u0161to je imala priliku da radi sa stomatolozima i u biljnoj medicini, shvatila je da \u017eivot sa stresom ne mo\u017ee biti toliko lep, ma koliki mese\u010dni prihodi bili. Odlu\u010dila je da po\u010dne da ulep\u0161ava \u017eene i da radi ono u \u010demu u\u017eiva i \u0161to je ispunjava, a da joj to pritom ne bude optere\u0107uju\u0107e. Ka\u017ee da su na\u0161e \u017eene svuda u svetu najlep\u0161e i da najvi\u0161e vode ra\u010duna o sebi, pa tako i u Americi.<\/p>\n\n\n\n<p class=\"wp-block-paragraph\">Sajra Kajtezovi\u0107 odi\u0161e plemenitim vrednostima. Raduje je kada zna da je nekoga usre\u0107ila i da je nekome pomogla, ne samo svojim kozmeti\u010dkim tretmanom, nego i savetom ili preporukom u vezi lepote i zdravlja. Za sada nema \u017eelju da otvori svoj salon, \u0161to ne zna\u010di da ne\u0107e nekada u budu\u0107nosti. Sama je direktor svog vremena i organizuje ga ba\u0161 onako kako \u017eeli, a to joj je dovoljno da \u017eivi svoj Ameri\u010dki san. Pored ulep\u0161avanja ljudi u\u017eiva i u kuvanju, \u0161opingu, muzici, plesu, putovanjima, \u0161ivenju i u svemu onome \u0161to je dodatno usre\u0107uje.<\/p>\n\n\n\n<figure class=\"wp-block-image size-full\"><img decoding=\"async\" src=\"https:\/\/aktuelnosti.us\/wp-content\/uploads\/2023\/01\/Sajra-1.jpg\" alt=\"\" class=\"wp-image-105254\" \/><figcaption class=\"wp-element-caption\">Sajra se raduje kada zna da je nekoga usre\u0107ila i da je nekome pomogla<\/figcaption><\/figure>\n\n\n\n<p class=\"wp-block-paragraph\"><\/p>\n\n\n\n<p class=\"wp-block-paragraph\"><\/p>\n\n\n\n<p class=\"wp-block-paragraph\">Ro\u0111ena je u Velikoj Kladu\u0161i u Bosni i Hercegovini, a do \u010detrnaeste godine je \u017eivela u Pe\u0107igradu i na\u017ealost pre\u017eivela deo civilnog rata. U Ameriku se doselila 1998. godine, gde je prve tri godine provela u gradu Voterlu. U \u010cikago je prvobitno do\u0161la na studije gde je zavr\u0161ila ,,Business menagement\u201c a onda je odlu\u010dila da tu i ostane. Njen najve\u0107i \u017eivotni uspeh, sre\u0107a i smisao \u017eivota je njen sin koji sada ima \u0161esnaest godina.<\/p>\n\n\n\n<p class=\"wp-block-paragraph\"><em>Po\u0161tovana Sajra, da li biste mogli da nam se predstavite?<\/em><\/p>\n\n\n\n<p class=\"wp-block-paragraph\">Naravno,&nbsp;Sajra&nbsp;Kajtezovi\u0107, umijetnica trajne \u0161minke i ugradnje vje\u0161ta\u010dkih trepavica i kose.<\/p>\n\n\n\n<p class=\"wp-block-paragraph\"><em>Kao neko ko ulep\u0161ava \u017eene i vodi ra\u010duna o njihovoj lepoti, ta\u010dnije njihovom izgledu obrva, koliko u\u017eivate u tome i koliko Vas taj posao ispunjava?<\/em><\/p>\n\n\n\n<p class=\"wp-block-paragraph\">Bila mi je \u017eivotna \u017eelja da uljep\u0161avam sebe, a i \u017eene. Svoj \u017eivotni san sam ostvarila i mnogo volim svoj posao.<\/p>\n\n\n\n<p class=\"wp-block-paragraph\"><em>Koje tretmane obrva radite?<\/em><\/p>\n\n\n\n<p class=\"wp-block-paragraph\">Japansko iscrtavanje obrva, puder tehnika i kombinacija.<\/p>\n\n\n\n<p class=\"wp-block-paragraph\"><em>Po Va\u0161em mi\u0161ljenju, kojim tretmanom se dosti\u017ee najprirodniji izgled obrva?<\/em><\/p>\n\n\n\n<p class=\"wp-block-paragraph\">Hair strokes ili iscrtavanje dla\u010dica kako bi izgledalo prirodno.<\/p>\n\n\n\n<figure class=\"wp-block-image size-full\"><img decoding=\"async\" src=\"https:\/\/aktuelnosti.us\/wp-content\/uploads\/2023\/01\/Sajra-2.jpg\" alt=\"\" class=\"wp-image-105255\" \/><figcaption class=\"wp-element-caption\">Pored obrva Sajra radi svu trajnu \u0161minku, odnosno eyeliner i usne, a tako\u0111e i nadogradnju trepavica i kose<\/figcaption><\/figure>\n\n\n\n<p class=\"wp-block-paragraph\"><\/p>\n\n\n\n<p class=\"wp-block-paragraph\"><em>Postoji li neka formula za br\u017ei rast obrva?<\/em><\/p>\n\n\n\n<p class=\"wp-block-paragraph\">Postoje razni serumi koji se koriste, ali ve\u0107ini rast traje samo dok se koriste. \u010cim se prestane sa upotrebom, kao da ih niste ni koristili.<\/p>\n\n\n\n<p class=\"wp-block-paragraph\"><em>Da li se desi nekada da klijent nije zadovoljan krajnjim ishodom i izgledom obrva? Kako to prevazilazite?<\/em><\/p>\n\n\n\n<p class=\"wp-block-paragraph\">Imala sam mo\u017eda dva klijenta u ovih osam godina kako radim, koji nisu bili upoznati sa procesom, pa su posle tretmana pani\u010dili da je mnogo tamno i pravili dramu, ali kad se sve oporavilo nije bilo problema. Prevazilazim tako \u0161to sam tu za sve svoje klijente, da im objasnim proceduru i da stojim iza svog rada, s tim da \u0107u i da popravim ako je potrebno dok ne stignemo do savr\u0161enstva koji klijenti o\u010dekuju.<\/p>\n\n\n\n<p class=\"wp-block-paragraph\"><em>Da li radite jo\u0161 neke tretmane?<\/em><\/p>\n\n\n\n<p class=\"wp-block-paragraph\">Pored obrva radim svu trajnu \u0161minku, to jest eyeliner i usne, a tako\u0111e i nadogradnju trepavica i kose.<\/p>\n\n\n\n<p class=\"wp-block-paragraph\"><em>Koliko \u017eene u \u010cikagu vode ra\u010duna o svom izgledu?<\/em><\/p>\n\n\n\n<p class=\"wp-block-paragraph\">Sad \u0107u malo da vas nasmijem, ali zavisi koliko su se dobro udale. \u0160alim se, na\u0161e \u017eene se prepoznaju po cijelom svijetu jer zaista dr\u017ee do sebe i svog izgleda.<\/p>\n\n\n\n<p class=\"wp-block-paragraph\"><em>I za kraj ovog intervjua, kako klijenti u \u010cikagu mogu do\u0107i do Vas?<\/em><\/p>\n\n\n\n<p class=\"wp-block-paragraph\">Mo\u017eete na\u0107i sve informacije <a href=\"http:\/\/www.wakeupflawlessbeauty.com\" target=\"_blank\" rel=\"noreferrer noopener\">na sajtu<\/a>  ili putem telefona: 630-456-5376 ili preko salona: Radiant, Royalty crown, Vamp Studio, New style hair salon, The One Spa.&nbsp;<\/p>\n\n\n\n<p class=\"wp-block-paragraph\">Dragoj Sajri \u017eelimo da i dalje \u017eivi svoj san i da joj kao i do sada polazi za rukom da bude gospodar svog vremena sa poslom u kojem u\u017eiva. Svako ko bude \u017eeleo mo\u017ee joj se obratiti za neki savet ili tretman, ona \u0107e se svakome rado odazvati i pomo\u0107i.<\/p>\n\n\n\n<p class=\"wp-block-paragraph\" style=\"font-size:10px\">PI\u0160E: SUZANA RADIVOJEVI\u0106 I FOTO: PRIVATNA ARHIVA<\/p>","protected":false},"excerpt":{"rendered":"<p>Zahvaljuju\u0107i tome \u0161to je imala priliku da radi sa stomatolozima i u biljnoj medicini, shvatila je da \u017eivot sa stresom ne mo\u017ee biti toliko lep, ma koliki mese\u010dni prihodi bili. Odlu\u010dila je da po\u010dne da ulep\u0161ava \u017eene i da radi ono u \u010demu u\u017eiva i \u0161to je ispunjava, a da joj to pritom ne bude [&hellip;]<\/p>\n","protected":false},"author":3,"featured_media":0,"comment_status":"","ping_status":"","sticky":false,"template":"","format":"standard","meta":{"wpai_generated_summary":"","footnotes":""},"categories":[368,653,599],"tags":[370,17300,38647,50009,50010,50011,50012,508],"class_list":["post-34675","post","type-post","status-publish","format-standard","hentry","category-vesti-amerika","category-cikago","category-predstavljamo","tag-cikago","tag-lepota","tag-nadogradnja-kose","tag-permanent-make-up","tag-sajra-kajtezovic","tag-trajna-sminka","tag-trajni-eyeliner","tag-zdravlje"],"_links":{"self":[{"href":"https:\/\/chicagodesavanja.us\/en\/wp-json\/wp\/v2\/posts\/34675","targetHints":{"allow":["GET"]}}],"collection":[{"href":"https:\/\/chicagodesavanja.us\/en\/wp-json\/wp\/v2\/posts"}],"about":[{"href":"https:\/\/chicagodesavanja.us\/en\/wp-json\/wp\/v2\/types\/post"}],"author":[{"embeddable":true,"href":"https:\/\/chicagodesavanja.us\/en\/wp-json\/wp\/v2\/users\/3"}],"replies":[{"embeddable":true,"href":"https:\/\/chicagodesavanja.us\/en\/wp-json\/wp\/v2\/comments?post=34675"}],"version-history":[{"count":0,"href":"https:\/\/chicagodesavanja.us\/en\/wp-json\/wp\/v2\/posts\/34675\/revisions"}],"wp:attachment":[{"href":"https:\/\/chicagodesavanja.us\/en\/wp-json\/wp\/v2\/media?parent=34675"}],"wp:term":[{"taxonomy":"category","embeddable":true,"href":"https:\/\/chicagodesavanja.us\/en\/wp-json\/wp\/v2\/categories?post=34675"},{"taxonomy":"post_tag","embeddable":true,"href":"https:\/\/chicagodesavanja.us\/en\/wp-json\/wp\/v2\/tags?post=34675"}],"curies":[{"name":"WP","href":"https:\/\/api.w.org\/{rel}","templated":true}]}}