{"id":34664,"date":"2023-01-26T05:38:50","date_gmt":"2023-01-26T05:38:50","guid":{"rendered":"https:\/\/chicagodesavanja.us\/patrijarh-porfirije-posetio-crkvu-svetog-save-u-njujorku\/"},"modified":"2023-01-26T05:38:50","modified_gmt":"2023-01-26T05:38:50","slug":"patrijarh-porfirije-posetio-crkvu-svetog-save-u-njujorku","status":"publish","type":"post","link":"https:\/\/chicagodesavanja.us\/en\/vesti\/patrijarh-porfirije-posetio-crkvu-svetog-save-u-njujorku\/","title":{"rendered":"Patrijarh Porfirije posetio crkvu Svetog Save u Njujorku"},"content":{"rendered":"<p class=\"wp-block-paragraph\">Njegova svetost patrijarh srpski gospodin Porfirije posetio je crkvu Svetog Save u Njujorku i tom prilikom se upoznao sa tokom radova na obnovi crkve te\u0161ko o\u0161te\u0107ene u po\u017earu na Vaskrs 2016. godine.<\/p>\n\n\n\n<p class=\"wp-block-paragraph\">U pratnji patrijarha bili su episkop kanadski Mitrofan, protojerej-stavrofor Velibor D\u017eomi\u0107 i proto\u0111akon Dragan Radi\u0107.<\/p>\n\n\n\n<p class=\"wp-block-paragraph\">U razgovoru sa protojerejom-stavroforom \u017divojinom Jakovljevi\u0107em, stare\u0161inom hrama, g. Veljkom Dobrilovi\u0107em, predsednikom Crkvene op\u0161tine i Markom Jovanovi\u0107em, \u010dlanom Upravnog odbora, zaklju\u010deno je da je u proteklih \u0161est godina obavljen zna\u010dajan deo radova, ali da je preostalo jo\u0161 veoma mnogo posla koji iziskuje ve\u0107u efikasnost i anga\u017eovanost u obnovi crkve Svetog Save u Njujorku.<\/p>\n\n\n\n<p class=\"wp-block-paragraph\" style=\"font-size:10px\">SOURCE: <a href=\"https:\/\/www.politika.rs\/sr\/clanak\/534265\/Patrijarh-Porfirije-posetio-crkvu-Svetog-Save-u-Njujorku\" target=\"_blank\" rel=\"noreferrer noopener\">Politics <\/a>FOTO: SPC <\/p>","protected":false},"excerpt":{"rendered":"<p>Njegova svetost patrijarh srpski gospodin Porfirije posetio je crkvu Svetog Save u Njujorku i tom prilikom se upoznao sa tokom radova na obnovi crkve te\u0161ko o\u0161te\u0107ene u po\u017earu na Vaskrs 2016. godine. U pratnji patrijarha bili su episkop kanadski Mitrofan, protojerej-stavrofor Velibor D\u017eomi\u0107 i proto\u0111akon Dragan Radi\u0107. U razgovoru sa protojerejom-stavroforom \u017divojinom Jakovljevi\u0107em, stare\u0161inom hrama, [&hellip;]<\/p>\n","protected":false},"author":3,"featured_media":0,"comment_status":"","ping_status":"","sticky":false,"template":"","format":"standard","meta":{"footnotes":""},"categories":[368,369],"tags":[538,49021,430,1299,39424,568,5499],"class_list":["post-34664","post","type-post","status-publish","format-standard","hentry","category-vesti-amerika","category-vesti","tag-amerika","tag-crkva-svetog-save","tag-njujork","tag-patrijarh-porfirije","tag-poseta","tag-sad","tag-spc"],"_links":{"self":[{"href":"https:\/\/chicagodesavanja.us\/en\/wp-json\/wp\/v2\/posts\/34664","targetHints":{"allow":["GET"]}}],"collection":[{"href":"https:\/\/chicagodesavanja.us\/en\/wp-json\/wp\/v2\/posts"}],"about":[{"href":"https:\/\/chicagodesavanja.us\/en\/wp-json\/wp\/v2\/types\/post"}],"author":[{"embeddable":true,"href":"https:\/\/chicagodesavanja.us\/en\/wp-json\/wp\/v2\/users\/3"}],"replies":[{"embeddable":true,"href":"https:\/\/chicagodesavanja.us\/en\/wp-json\/wp\/v2\/comments?post=34664"}],"version-history":[{"count":0,"href":"https:\/\/chicagodesavanja.us\/en\/wp-json\/wp\/v2\/posts\/34664\/revisions"}],"wp:attachment":[{"href":"https:\/\/chicagodesavanja.us\/en\/wp-json\/wp\/v2\/media?parent=34664"}],"wp:term":[{"taxonomy":"category","embeddable":true,"href":"https:\/\/chicagodesavanja.us\/en\/wp-json\/wp\/v2\/categories?post=34664"},{"taxonomy":"post_tag","embeddable":true,"href":"https:\/\/chicagodesavanja.us\/en\/wp-json\/wp\/v2\/tags?post=34664"}],"curies":[{"name":"WP","href":"https:\/\/api.w.org\/{rel}","templated":true}]}}