{"id":34638,"date":"2023-01-28T05:15:00","date_gmt":"2023-01-28T05:15:00","guid":{"rendered":"https:\/\/chicagodesavanja.us\/biden-ponudio-pomoc\/"},"modified":"2023-01-28T05:15:00","modified_gmt":"2023-01-28T05:15:00","slug":"biden-ponudio-pomoc","status":"publish","type":"post","link":"https:\/\/chicagodesavanja.us\/en\/vesti\/biden-ponudio-pomoc\/","title":{"rendered":"Biden ponudio pomo\u0107"},"content":{"rendered":"<p class=\"wp-block-paragraph\">Predsednik Sjedinjenih Ameri\u010dkih Dr\u017eava Joe Biden je razgovarao sa izraelskim premijerom Benjaminom Netanijahuom.<\/p>\n\n\n\n<p class=\"wp-block-paragraph\">Biden je ponudio &#8222;svu potrebnu pomo\u0107 i podr\u0161ku&#8220;, nakon teroristi\u010dkog napada u sinagogi u predgra\u0111u Jerusalima, saop\u0161tila je Bela ku\u0107a.<\/p>\n\n\n\n<p class=\"wp-block-paragraph\">U teroristi\u010dkom napadu na sinagogu u naselju Neve Jakov u Jerusalimu poginulo je sedam ljudi, 10 je povre\u0111eno, a napada\u010d je 21-godi\u0161nji Palestinac poreklom iz isto\u010dnog Jerusalima Alkam Kairi.<\/p>\n\n\n\n<p class=\"wp-block-paragraph\">Kako navodi policija, Kairi, koji je ubijen, nije imao nikakve veze sa poznatim teroristi\u010dkim organizacijama i njihovim \u0107eljama pre napada, prenosi Jerusalim post.<\/p>\n\n\n\n<p class=\"wp-block-paragraph\" style=\"font-size:10px\">SOURCE: <a href=\"https:\/\/www.b92.net\/info\/vesti\/index.php?yyyy=2023&amp;mm=01&amp;dd=28&amp;nav_category=78&amp;nav_id=2280879\" target=\"_blank\" rel=\"noreferrer noopener\">B92<\/a>PHOTO: PRINTSCREEN<\/p>","protected":false},"excerpt":{"rendered":"<p>Predsednik Sjedinjenih Ameri\u010dkih Dr\u017eava Joe Biden je razgovarao sa izraelskim premijerom Benjaminom Netanijahuom. Biden je ponudio &#8222;svu potrebnu pomo\u0107 i podr\u0161ku&#8220;, nakon teroristi\u010dkog napada u sinagogi u predgra\u0111u Jerusalima, saop\u0161tila je Bela ku\u0107a. U teroristi\u010dkom napadu na sinagogu u naselju Neve Jakov u Jerusalimu poginulo je sedam ljudi, 10 je povre\u0111eno, a napada\u010d je 21-godi\u0161nji [&hellip;]<\/p>\n","protected":false},"author":1,"featured_media":0,"comment_status":"","ping_status":"","sticky":false,"template":"","format":"standard","meta":{"footnotes":""},"categories":[368,369],"tags":[948,592,6354,408],"class_list":["post-34638","post","type-post","status-publish","format-standard","hentry","category-vesti-amerika","category-vesti","tag-izrael","tag-joe-biden","tag-pomoc","tag-predsednik-sad"],"_links":{"self":[{"href":"https:\/\/chicagodesavanja.us\/en\/wp-json\/wp\/v2\/posts\/34638","targetHints":{"allow":["GET"]}}],"collection":[{"href":"https:\/\/chicagodesavanja.us\/en\/wp-json\/wp\/v2\/posts"}],"about":[{"href":"https:\/\/chicagodesavanja.us\/en\/wp-json\/wp\/v2\/types\/post"}],"author":[{"embeddable":true,"href":"https:\/\/chicagodesavanja.us\/en\/wp-json\/wp\/v2\/users\/1"}],"replies":[{"embeddable":true,"href":"https:\/\/chicagodesavanja.us\/en\/wp-json\/wp\/v2\/comments?post=34638"}],"version-history":[{"count":0,"href":"https:\/\/chicagodesavanja.us\/en\/wp-json\/wp\/v2\/posts\/34638\/revisions"}],"wp:attachment":[{"href":"https:\/\/chicagodesavanja.us\/en\/wp-json\/wp\/v2\/media?parent=34638"}],"wp:term":[{"taxonomy":"category","embeddable":true,"href":"https:\/\/chicagodesavanja.us\/en\/wp-json\/wp\/v2\/categories?post=34638"},{"taxonomy":"post_tag","embeddable":true,"href":"https:\/\/chicagodesavanja.us\/en\/wp-json\/wp\/v2\/tags?post=34638"}],"curies":[{"name":"WP","href":"https:\/\/api.w.org\/{rel}","templated":true}]}}