{"id":34618,"date":"2023-01-29T09:47:15","date_gmt":"2023-01-29T09:47:15","guid":{"rendered":"https:\/\/chicagodesavanja.us\/patrijarh-porfirije-u-cikagu-sa-predstavnicima-crkve-i-dijaspore\/"},"modified":"2023-01-29T09:47:15","modified_gmt":"2023-01-29T09:47:15","slug":"patrijarh-porfirije-u-cikagu-sa-predstavnicima-crkve-i-dijaspore","status":"publish","type":"post","link":"https:\/\/chicagodesavanja.us\/en\/vesti\/patrijarh-porfirije-u-cikagu-sa-predstavnicima-crkve-i-dijaspore\/","title":{"rendered":"Patrijarh Porfirije u \u010cikagu sa predstavnicima crkve i dijaspore"},"content":{"rendered":"<p class=\"wp-block-paragraph\">U okviru posete Sjedinjenim Ameri\u010dkim Dr\u017eavama patrijarh Porfirije stigao je u \u010cikago, saop\u0161tila je Srpska pravoslavna crkva.<\/p>\n\n\n\n<p class=\"wp-block-paragraph\">Partijarha Porfirija kao i episkopa kanadskog Mitrofana, protojereja-stavrofora Velibora D\u017eomi\u0107a i proto\u0111akona Dragana Radi\u0107a na aerodromu u \u010cikagu do\u010dekao je episkop novogra\u010dani\u010dko-srednjezapadnoameri\u010dki Longin.<\/p>\n\n\n\n<p class=\"wp-block-paragraph\">Narednih dana patrijarh Porfirije \u0107e posetiti Pravoslavni bogoslovski fakultet Svetog Save u Libertivilu kod \u010cikaga, gde \u0107e odr\u017eati vi\u0161e sastanaka sa dekanom, upravom, nastavnicima i studentima jedine visoko\u0161kolske ustanove Srpske pravoslavne crkve na severnoameri\u010dkom kontinentu.<\/p>\n\n\n\n<p class=\"wp-block-paragraph\">Patrijarh \u0107e prisustvovati i sve\u010danoj proslavi Svetog Save u organizaciji nastavnika i studenata tog fakulteta.<\/p>\n\n\n\n<p class=\"wp-block-paragraph\">Planiran je i susret sa nadle\u017enim episkopima SPC na prostoru Severne, Srednje i Ju\u017ene Amerike u manastiru Novoj Gra\u010danici na Tre\u0107em jezeru, navedeno je u saop\u0161tenju SPC.<\/p>\n\n\n\n<p class=\"wp-block-paragraph\">Patrijarh Porfirije slu\u017eio je na praznik Svetog Save svetu liturgiju&nbsp;u Srpskom klubu u Njujorku.<\/p>\n\n\n\n<p class=\"wp-block-paragraph\" style=\"font-size:10px\">SOURCE: <a href=\"https:\/\/www.rts.rs\/page\/stories\/sr\/story\/125\/drustvo\/5104929\/patrijarh-porfirije-cikago-dijaspora.html\" target=\"_blank\" rel=\"noreferrer noopener\">RTS<\/a>: FOTO: SPC<\/p>","protected":false},"excerpt":{"rendered":"<p>U okviru posete Sjedinjenim Ameri\u010dkim Dr\u017eavama patrijarh Porfirije stigao je u \u010cikago, saop\u0161tila je Srpska pravoslavna crkva. Partijarha Porfirija kao i episkopa kanadskog Mitrofana, protojereja-stavrofora Velibora D\u017eomi\u0107a i proto\u0111akona Dragana Radi\u0107a na aerodromu u \u010cikagu do\u010dekao je episkop novogra\u010dani\u010dko-srednjezapadnoameri\u010dki Longin. Narednih dana patrijarh Porfirije \u0107e posetiti Pravoslavni bogoslovski fakultet Svetog Save u Libertivilu kod \u010cikaga, [&hellip;]<\/p>\n","protected":false},"author":1,"featured_media":0,"comment_status":"","ping_status":"","sticky":false,"template":"","format":"standard","meta":{"wpai_generated_summary":"","footnotes":""},"categories":[368,653,369],"tags":[457,370,1299,49971,49972,5499],"class_list":["post-34618","post","type-post","status-publish","format-standard","hentry","category-vesti-amerika","category-cikago","category-vesti","tag-chicago","tag-cikago","tag-patrijarh-porfirije","tag-patrijarh-poseta-cikago","tag-patrijarh-u-cikagu","tag-spc"],"_links":{"self":[{"href":"https:\/\/chicagodesavanja.us\/en\/wp-json\/wp\/v2\/posts\/34618","targetHints":{"allow":["GET"]}}],"collection":[{"href":"https:\/\/chicagodesavanja.us\/en\/wp-json\/wp\/v2\/posts"}],"about":[{"href":"https:\/\/chicagodesavanja.us\/en\/wp-json\/wp\/v2\/types\/post"}],"author":[{"embeddable":true,"href":"https:\/\/chicagodesavanja.us\/en\/wp-json\/wp\/v2\/users\/1"}],"replies":[{"embeddable":true,"href":"https:\/\/chicagodesavanja.us\/en\/wp-json\/wp\/v2\/comments?post=34618"}],"version-history":[{"count":0,"href":"https:\/\/chicagodesavanja.us\/en\/wp-json\/wp\/v2\/posts\/34618\/revisions"}],"wp:attachment":[{"href":"https:\/\/chicagodesavanja.us\/en\/wp-json\/wp\/v2\/media?parent=34618"}],"wp:term":[{"taxonomy":"category","embeddable":true,"href":"https:\/\/chicagodesavanja.us\/en\/wp-json\/wp\/v2\/categories?post=34618"},{"taxonomy":"post_tag","embeddable":true,"href":"https:\/\/chicagodesavanja.us\/en\/wp-json\/wp\/v2\/tags?post=34618"}],"curies":[{"name":"WP","href":"https:\/\/api.w.org\/{rel}","templated":true}]}}