{"id":34530,"date":"2023-02-05T05:25:00","date_gmt":"2023-02-05T05:25:00","guid":{"rendered":"https:\/\/chicagodesavanja.us\/kada-su-izbori-2023-u-cikagu\/"},"modified":"2023-02-05T05:25:00","modified_gmt":"2023-02-05T05:25:00","slug":"kada-su-izbori-2023-u-cikagu","status":"publish","type":"post","link":"https:\/\/chicagodesavanja.us\/en\/vesti\/kada-su-izbori-2023-u-cikagu\/","title":{"rendered":"Kada su izbori 2023. u \u010cikagu?"},"content":{"rendered":"<p class=\"wp-block-paragraph\">Verovali ili ne, izborna sezona je u \u010cikagu, sa trkom za gradona\u010delnika \u010cikaga, kao i drugim op\u0161tinskim trkama koje se spremaju za samo nekoliko nedelja.<\/p>\n\n\n\n<p class=\"wp-block-paragraph\">Me\u0111utim, ako nijedan kandidat na glasa\u010dkom listi\u0107u ne dobije ve\u0107inu glasova na ovim izborima u bilo kojoj trci, bira\u010di \u0107e verovatno dva puta glasati.<\/p>\n\n\n\n<p class=\"wp-block-paragraph\"><strong>Februra 28. \u2013 Op\u0161ti izbori u \u010cikagu<\/strong><\/p>\n\n\n\n<p class=\"wp-block-paragraph\"><strong>Bira\u010di \u0107e na ovim izborima glasati za:<\/strong><\/p>\n\n\n\n<p class=\"wp-block-paragraph\">Gradona\u010delnika \u010cikaga<br>Gradskog slu\u017ebenika<br>Gradskog blagajnika<br>Odbornika<br>Kandidati za novoosnovane policijske okru\u017ene slu\u017ebe: 3 po okrugu u 22 okruga<\/p>\n\n\n\n<p class=\"wp-block-paragraph\">U trci za gradona\u010delnika \u010cikaga 2023. je devet kandidata: J&#8217;a&#8217;Mal Green, Sophia King, Kam Buckner, Willie Wilson, Brandon Johnson, Paul Vallas, trenutna gradona\u010delnica Lori Lightfoot, Roderick Sawyer i Jes\u00fas &#8216;Chuy&#8217; Garc\u00eda.<\/p>\n\n\n\n<p class=\"wp-block-paragraph\"><strong>April 4.-Drugi krug izbora<\/strong><\/p>\n\n\n\n<p class=\"wp-block-paragraph\">Ako nijedan kandidat ne dobije ve\u0107inu glasova na izborima 28. februara, onda \u0107e se dva najbolja kandidata plasirati u drugi krug izbora koji \u0107e se odr\u017eati ovog datuma.<\/p>\n\n\n\n<p class=\"wp-block-paragraph\">Dok \u0107e se o trkama gradskog slu\u017ebenika i blagajnika odlu\u010divati 28. februara po\u0161to Anna Valencia i Melissa Conyears-Ervin vode bez protivkandidata, trka za odbornike tako\u0111e bi mogle da idu u drugi krug zbog ve\u0107eg broja kandidata.<\/p>\n\n\n\n<p class=\"wp-block-paragraph\">Trenutno su u toku i <a href=\"https:\/\/chicagoelections.gov\/en\/early-voting.html\" target=\"_blank\" rel=\"noreferrer noopener\">prevremeno glasanje <\/a>i glasanje <a href=\"https:\/\/chicagoelections.gov\/en\/vote-by-mail-application.html\" target=\"_blank\" rel=\"noreferrer noopener\">po\u0161tom<\/a>.<\/p>\n\n\n\n<p class=\"wp-block-paragraph\" style=\"font-size:10px\">SOURCE: <a href=\"https:\/\/www.nbcchicago.com\/news\/local\/chicago-politics\/when-is-election-day-2023-in-chicago-2\/3062871\/\" target=\"_blank\" rel=\"noreferrer noopener\">NBC CHICAGO<\/a> FOTO: KSHB<\/p>","protected":false},"excerpt":{"rendered":"<p>Verovali ili ne, izborna sezona je u \u010cikagu, sa trkom za gradona\u010delnika \u010cikaga, kao i drugim op\u0161tinskim trkama koje se spremaju za samo nekoliko nedelja. Me\u0111utim, ako nijedan kandidat na glasa\u010dkom listi\u0107u ne dobije ve\u0107inu glasova na ovim izborima u bilo kojoj trci, bira\u010di \u0107e verovatno dva puta glasati. Februra 28. \u2013 Op\u0161ti izbori u [&hellip;]<\/p>\n","protected":false},"author":3,"featured_media":0,"comment_status":"","ping_status":"","sticky":false,"template":"","format":"standard","meta":{"footnotes":""},"categories":[368,653,369],"tags":[538,457,370,48675,405,49903,44157,568],"class_list":["post-34530","post","type-post","status-publish","format-standard","hentry","category-vesti-amerika","category-cikago","category-vesti","tag-amerika","tag-chicago","tag-cikago","tag-gradonacelnica-cikaga","tag-izbori","tag-izbori-2023","tag-kandidati","tag-sad"],"_links":{"self":[{"href":"https:\/\/chicagodesavanja.us\/en\/wp-json\/wp\/v2\/posts\/34530","targetHints":{"allow":["GET"]}}],"collection":[{"href":"https:\/\/chicagodesavanja.us\/en\/wp-json\/wp\/v2\/posts"}],"about":[{"href":"https:\/\/chicagodesavanja.us\/en\/wp-json\/wp\/v2\/types\/post"}],"author":[{"embeddable":true,"href":"https:\/\/chicagodesavanja.us\/en\/wp-json\/wp\/v2\/users\/3"}],"replies":[{"embeddable":true,"href":"https:\/\/chicagodesavanja.us\/en\/wp-json\/wp\/v2\/comments?post=34530"}],"version-history":[{"count":0,"href":"https:\/\/chicagodesavanja.us\/en\/wp-json\/wp\/v2\/posts\/34530\/revisions"}],"wp:attachment":[{"href":"https:\/\/chicagodesavanja.us\/en\/wp-json\/wp\/v2\/media?parent=34530"}],"wp:term":[{"taxonomy":"category","embeddable":true,"href":"https:\/\/chicagodesavanja.us\/en\/wp-json\/wp\/v2\/categories?post=34530"},{"taxonomy":"post_tag","embeddable":true,"href":"https:\/\/chicagodesavanja.us\/en\/wp-json\/wp\/v2\/tags?post=34530"}],"curies":[{"name":"WP","href":"https:\/\/api.w.org\/{rel}","templated":true}]}}