{"id":34318,"date":"2023-02-19T06:00:00","date_gmt":"2023-02-19T06:00:00","guid":{"rendered":"https:\/\/chicagodesavanja.us\/pucnjava-u-dzordziji-devetoro-maloletnika-ranjeno\/"},"modified":"2023-02-19T06:00:00","modified_gmt":"2023-02-19T06:00:00","slug":"pucnjava-u-dzordziji-devetoro-maloletnika-ranjeno","status":"publish","type":"post","link":"https:\/\/chicagodesavanja.us\/en\/vesti\/pucnjava-u-dzordziji-devetoro-maloletnika-ranjeno\/","title":{"rendered":"Deca na meti pucnjave u Americi \u2013 devetoro povre\u0111eno, najmla\u0111e ima pet godina"},"content":{"rendered":"<p class=\"wp-block-paragraph\">U pucnjavi na benzinskoj stanici u gradu Kolumbus u dr\u017eavi D\u017eord\u017eija, na granici sa Alabamom, ranjeno je devetoro maloletnika, uklju\u010duju\u0107i petogodi\u0161nje dete, saop\u0161tile su vlasti.<\/p>\n\n\n\n<p class=\"wp-block-paragraph\">Deca ranjena u incidentu su uzrasta od pet do 17 godina, a u pitanju su sedmorica de\u010daka i dve devoj\u010dice, prenosi AP.<\/p>\n\n\n\n<p class=\"wp-block-paragraph\">Prema saop\u0161tenju lokalnih vlasti, izgleda da nijedno od ranjene dece nije \u017eivotno ugro\u017eeno. Policija nije nikog uhapsila.<\/p>\n\n\n\n<p class=\"wp-block-paragraph\">\u201ePorast oru\u017eanog nasilja u koje je uklju\u010dena na\u0161a omladina uti\u010de na celu zemlju,\u201c izjavio je \u0161ef policije Kolumbusa Fredi Blekmon.<\/p>\n\n\n\n<p class=\"wp-block-paragraph\">Dodao je da policija neumorno radi na tome da odstrani nasilnike sa ulica Kolumbusa.<\/p>\n\n\n\n<p class=\"wp-block-paragraph\">Blekmon je rekao da su detektivi razgovarali sa svedocima, od kojih neki sara\u0111uju, dok drugi ne.<\/p>\n\n\n\n<p class=\"wp-block-paragraph\">&#8211; Pozivam sve koji imaju informacije da kontaktiraju policiju. Podsti\u010dem roditelje \u010dije je dete povre\u0111eno u ovom incidentu da se postaraju da sve informacije koje podele sa njima budu podeljene policiji. Radi\u0107emo danono\u0107no na re\u0161avanju ovog slu\u010daja &#8211; rekao je on.<\/p>\n\n\n\n<p class=\"wp-block-paragraph\">&#8211; Toliko sam zahvalan Bogu \u0161to niko nije izgubio \u017eivot &#8211; rekao je gradona\u010delnik B.H. &#8222;Presko\u010di&#8220;, rekao je Henderson III. \u201eUmoran sam od gledanja ljudi koji se ne sla\u017eu ili sva\u0111aju ili mo\u017eda \u010dak i tu\u010du pesnicama koji onda misle da moraju da posegnu za pi\u0161toljem. To samo treba da prestane. Moramo prona\u0107i na\u010din u zajednici da povratimo na\u0161e mlade ljude.&#8220;<\/p>\n\n\n\n<p class=\"wp-block-paragraph\" style=\"font-size:10px\">SOURCE: <a href=\"https:\/\/nova.rs\/vesti\/svet\/uzas-u-sad-u-pucnjavi-u-dzordziji-ranjeno-devetoro-dece\/\" target=\"_blank\" rel=\"noreferrer noopener\">NOVA<\/a> I FOTO: ABC NEWS<\/p>","protected":false},"excerpt":{"rendered":"<p>U pucnjavi na benzinskoj stanici u gradu Kolumbus u dr\u017eavi D\u017eord\u017eija, na granici sa Alabamom, ranjeno je devetoro maloletnika, uklju\u010duju\u0107i petogodi\u0161nje dete, saop\u0161tile su vlasti. Deca ranjena u incidentu su uzrasta od pet do 17 godina, a u pitanju su sedmorica de\u010daka i dve devoj\u010dice, prenosi AP. Prema saop\u0161tenju lokalnih vlasti, izgleda da nijedno od [&hellip;]<\/p>\n","protected":false},"author":3,"featured_media":0,"comment_status":"","ping_status":"","sticky":false,"template":"","format":"standard","meta":{"wpai_generated_summary":"","footnotes":""},"categories":[368,369],"tags":[544,49720,49721,3165,49722,41292,49723],"class_list":["post-34318","post","type-post","status-publish","format-standard","hentry","category-vesti-amerika","category-vesti","tag-deca","tag-devetoro-maloletnika-ranjeno","tag-dzorddjija","tag-pucnjava","tag-pucnjava-u-dzordziji","tag-ranjavanje","tag-ranjeno-devetoro-dece"],"_links":{"self":[{"href":"https:\/\/chicagodesavanja.us\/en\/wp-json\/wp\/v2\/posts\/34318","targetHints":{"allow":["GET"]}}],"collection":[{"href":"https:\/\/chicagodesavanja.us\/en\/wp-json\/wp\/v2\/posts"}],"about":[{"href":"https:\/\/chicagodesavanja.us\/en\/wp-json\/wp\/v2\/types\/post"}],"author":[{"embeddable":true,"href":"https:\/\/chicagodesavanja.us\/en\/wp-json\/wp\/v2\/users\/3"}],"replies":[{"embeddable":true,"href":"https:\/\/chicagodesavanja.us\/en\/wp-json\/wp\/v2\/comments?post=34318"}],"version-history":[{"count":0,"href":"https:\/\/chicagodesavanja.us\/en\/wp-json\/wp\/v2\/posts\/34318\/revisions"}],"wp:attachment":[{"href":"https:\/\/chicagodesavanja.us\/en\/wp-json\/wp\/v2\/media?parent=34318"}],"wp:term":[{"taxonomy":"category","embeddable":true,"href":"https:\/\/chicagodesavanja.us\/en\/wp-json\/wp\/v2\/categories?post=34318"},{"taxonomy":"post_tag","embeddable":true,"href":"https:\/\/chicagodesavanja.us\/en\/wp-json\/wp\/v2\/tags?post=34318"}],"curies":[{"name":"WP","href":"https:\/\/api.w.org\/{rel}","templated":true}]}}