{"id":34284,"date":"2023-02-21T05:44:28","date_gmt":"2023-02-21T05:44:28","guid":{"rendered":"https:\/\/chicagodesavanja.us\/biden-kijev-je-zarobio-deo-mog-srca\/"},"modified":"2023-02-21T05:44:28","modified_gmt":"2023-02-21T05:44:28","slug":"biden-kijev-je-zarobio-deo-mog-srca","status":"publish","type":"post","link":"https:\/\/chicagodesavanja.us\/en\/vesti\/biden-kijev-je-zarobio-deo-mog-srca\/","title":{"rendered":"Biden: Kijev je zarobio deo mog srca"},"content":{"rendered":"<p class=\"wp-block-paragraph\">Ameri\u010dki predsednik Joe Biden napisao je nakon posete Ukrajini da mu je je Kijev &#8222;zarobio deo srca&#8220;.<\/p>\n\n\n\n<p class=\"wp-block-paragraph\">On je u poruci na Tviteru poru\u010dio i da je znao da \u0107e se vratiti u Kijev.<\/p>\n\n\n\n<figure class=\"wp-block-embed is-type-rich is-provider-twitter wp-block-embed-twitter\"><div class=\"wp-block-embed__wrapper\">\n<blockquote class=\"twitter-tweet\" data-width=\"500\" data-dnt=\"true\"><p lang=\"en\" dir=\"ltr\">President Zelenskyy and all Ukrainians remind the world every day what courage is.<br><br>They remind us that freedom is priceless.<br><br>And worth fighting for.<br><br>For as long as it takes. <a href=\"https:\/\/t.co\/GlBT0Sg9ZL\">pic.twitter.com\/GlBT0Sg9ZL<\/a><\/p>&mdash; President Biden Archived (@POTUS46Archive) <a href=\"https:\/\/x.com\/POTUS46Archive\/status\/1627703401940131847?ref_src=twsrc%5Etfw\">February 20, 2023<\/a><\/blockquote><script async src=\"https:\/\/platform.x.com\/widgets.js\" charset=\"utf-8\"><\/script>\n<\/div><\/figure>\n\n\n\n<p class=\"wp-block-paragraph\"><\/p>\n\n\n\n<p class=\"wp-block-paragraph\">Tako\u0111e je napisao i da predsednik Volodimir Zelenski i ukrajinski narod podse\u0107aju &#8222;ceo svet svakodnevno \u0161ta je to hrabrost, kao i da sloboda nema cenu&#8220;.<\/p>\n\n\n\n<p class=\"wp-block-paragraph\">&#8222;Podse\u0107aju nas da sloboda nema cenu. I da je vredna borbe, koliko god je to potrebno&#8220;, naveo je Biden.<\/p>\n\n\n\n<p class=\"wp-block-paragraph\">Biden je boraavio vi\u0161e od pet sati u nenajavljenoj poseti tokom koje se sastao sa predsednikom Ukrajine Volodimirom Zelenskim.<\/p>\n\n\n\n<p class=\"wp-block-paragraph\" style=\"font-size:10px\">SOURCE: <a href=\"https:\/\/www.telegraf.rs\/vesti\/svet\/3633771-bajden-kijev-je-zarobio-deo-mog-srca\" target=\"_blank\" rel=\"noreferrer noopener\">Telegraph <\/a>FOTO: TELEGRAF <\/p>","protected":false},"excerpt":{"rendered":"<p>Ameri\u010dki predsednik Joe Biden napisao je nakon posete Ukrajini da mu je je Kijev &#8222;zarobio deo srca&#8220;. On je u poruci na Tviteru poru\u010dio i da je znao da \u0107e se vratiti u Kijev. Tako\u0111e je napisao i da predsednik Volodimir Zelenski i ukrajinski narod podse\u0107aju &#8222;ceo svet svakodnevno \u0161ta je to hrabrost, kao i [&hellip;]<\/p>\n","protected":false},"author":3,"featured_media":0,"comment_status":"","ping_status":"","sticky":false,"template":"","format":"standard","meta":{"footnotes":""},"categories":[368,369],"tags":[538,17239,1482,39424,568,1037],"class_list":["post-34284","post","type-post","status-publish","format-standard","hentry","category-vesti-amerika","category-vesti","tag-amerika","tag-biden","tag-kijev","tag-poseta","tag-sad","tag-ukrajina"],"_links":{"self":[{"href":"https:\/\/chicagodesavanja.us\/en\/wp-json\/wp\/v2\/posts\/34284","targetHints":{"allow":["GET"]}}],"collection":[{"href":"https:\/\/chicagodesavanja.us\/en\/wp-json\/wp\/v2\/posts"}],"about":[{"href":"https:\/\/chicagodesavanja.us\/en\/wp-json\/wp\/v2\/types\/post"}],"author":[{"embeddable":true,"href":"https:\/\/chicagodesavanja.us\/en\/wp-json\/wp\/v2\/users\/3"}],"replies":[{"embeddable":true,"href":"https:\/\/chicagodesavanja.us\/en\/wp-json\/wp\/v2\/comments?post=34284"}],"version-history":[{"count":0,"href":"https:\/\/chicagodesavanja.us\/en\/wp-json\/wp\/v2\/posts\/34284\/revisions"}],"wp:attachment":[{"href":"https:\/\/chicagodesavanja.us\/en\/wp-json\/wp\/v2\/media?parent=34284"}],"wp:term":[{"taxonomy":"category","embeddable":true,"href":"https:\/\/chicagodesavanja.us\/en\/wp-json\/wp\/v2\/categories?post=34284"},{"taxonomy":"post_tag","embeddable":true,"href":"https:\/\/chicagodesavanja.us\/en\/wp-json\/wp\/v2\/tags?post=34284"}],"curies":[{"name":"WP","href":"https:\/\/api.w.org\/{rel}","templated":true}]}}