{"id":34273,"date":"2023-02-22T05:20:00","date_gmt":"2023-02-22T05:20:00","guid":{"rendered":"https:\/\/chicagodesavanja.us\/stravicna-eksplozija-u-americi-gust-dim-se-nadvio-nad-majamijem-ima-poginulih-video\/"},"modified":"2023-02-22T05:20:00","modified_gmt":"2023-02-22T05:20:00","slug":"stravicna-eksplozija-u-americi-gust-dim-se-nadvio-nad-majamijem-ima-poginulih-video","status":"publish","type":"post","link":"https:\/\/chicagodesavanja.us\/en\/vesti\/stravicna-eksplozija-u-americi-gust-dim-se-nadvio-nad-majamijem-ima-poginulih-video\/","title":{"rendered":"Stravi\u010dna eksplozija u Americi: Gust dim se nadvio nad Majamijem, ima poginulih (VIDEO)"},"content":{"rendered":"<p class=\"wp-block-paragraph\">Dve osobe su poginule, a jo\u0161 tri su povre\u0111ene u eksploziji i po\u017earu koji je zahvatio nekoliko vozila i objekte u industrijskoj zoni u Majamiju.<\/p>\n\n\n\n<p class=\"wp-block-paragraph\">Vatrogasne jedinice upu\u0107ene su na lice mesta, kao i vozila hitne pomo\u0107i, preneo je CBS.<\/p>\n\n\n\n<figure class=\"wp-block-embed is-type-rich is-provider-twitter wp-block-embed-twitter\"><div class=\"wp-block-embed__wrapper\">\n<blockquote class=\"twitter-tweet\" data-width=\"500\" data-dnt=\"true\"><p lang=\"en\" dir=\"ltr\">\ud83d\udea8<a href=\"https:\/\/x.com\/hashtag\/UPDATE?src=hash&amp;ref_src=twsrc%5Etfw\">#UPDATE<\/a>: At least two people have been killed in an explosion at an industrial facility in Medley, Florida. As video shows Multiple vehicles and structures are on fire with three people being injured with one being airlifted to a hospital for severe burns and injuries <a href=\"https:\/\/t.co\/rNUF92bJXt\">pic.twitter.com\/rNUF92bJXt<\/a><\/p>&mdash; R A W S A L E R T S (@rawsalerts) <a href=\"https:\/\/x.com\/rawsalerts\/status\/1628053907673948162?ref_src=twsrc%5Etfw\">February 21, 2023<\/a><\/blockquote><script async src=\"https:\/\/platform.x.com\/widgets.js\" charset=\"utf-8\"><\/script>\n<\/div><\/figure>\n\n\n\n<p class=\"wp-block-paragraph\"><\/p>\n\n\n\n<p class=\"wp-block-paragraph\">Na snimcima sa dru\u0161tvenih mre\u017ea mogu se videti veliki plamen i gust dim kako se uzdi\u017eu iz objekta u plamenu.<\/p>\n\n\n\n<p class=\"wp-block-paragraph\">&#8222;Na\u017ealost, u eksploziji je povre\u0111eno nekoliko osoba od kojih su dve preminule u bolnici, a jo\u0161 dve su u kriti\u010dnom stanju&#8220;, saop\u0161tila je policija Majami-Dejd.<\/p>\n\n\n\n<p class=\"wp-block-paragraph\">O incidentu je pokrenuta istraga.<\/p>\n\n\n\n<p class=\"wp-block-paragraph\" style=\"font-size:10px\">SOURCE: <a href=\"https:\/\/www.kurir.rs\/planeta\/4112190\/eksplozija-u-majamiju-ima-poginulih\" target=\"_blank\" rel=\"noreferrer noopener\">Courier <\/a>FOTO: KURIR <\/p>","protected":false},"excerpt":{"rendered":"<p>Dve osobe su poginule, a jo\u0161 tri su povre\u0111ene u eksploziji i po\u017earu koji je zahvatio nekoliko vozila i objekte u industrijskoj zoni u Majamiju. Vatrogasne jedinice upu\u0107ene su na lice mesta, kao i vozila hitne pomo\u0107i, preneo je CBS. Na snimcima sa dru\u0161tvenih mre\u017ea mogu se videti veliki plamen i gust dim kako se [&hellip;]<\/p>\n","protected":false},"author":3,"featured_media":0,"comment_status":"","ping_status":"","sticky":false,"template":"","format":"standard","meta":{"footnotes":""},"categories":[368,369],"tags":[538,41851,5305,19927,647,14890,568],"class_list":["post-34273","post","type-post","status-publish","format-standard","hentry","category-vesti-amerika","category-vesti","tag-amerika","tag-dim","tag-eksplozija","tag-fabrika","tag-majami","tag-pozar-2","tag-sad"],"_links":{"self":[{"href":"https:\/\/chicagodesavanja.us\/en\/wp-json\/wp\/v2\/posts\/34273","targetHints":{"allow":["GET"]}}],"collection":[{"href":"https:\/\/chicagodesavanja.us\/en\/wp-json\/wp\/v2\/posts"}],"about":[{"href":"https:\/\/chicagodesavanja.us\/en\/wp-json\/wp\/v2\/types\/post"}],"author":[{"embeddable":true,"href":"https:\/\/chicagodesavanja.us\/en\/wp-json\/wp\/v2\/users\/3"}],"replies":[{"embeddable":true,"href":"https:\/\/chicagodesavanja.us\/en\/wp-json\/wp\/v2\/comments?post=34273"}],"version-history":[{"count":0,"href":"https:\/\/chicagodesavanja.us\/en\/wp-json\/wp\/v2\/posts\/34273\/revisions"}],"wp:attachment":[{"href":"https:\/\/chicagodesavanja.us\/en\/wp-json\/wp\/v2\/media?parent=34273"}],"wp:term":[{"taxonomy":"category","embeddable":true,"href":"https:\/\/chicagodesavanja.us\/en\/wp-json\/wp\/v2\/categories?post=34273"},{"taxonomy":"post_tag","embeddable":true,"href":"https:\/\/chicagodesavanja.us\/en\/wp-json\/wp\/v2\/tags?post=34273"}],"curies":[{"name":"WP","href":"https:\/\/api.w.org\/{rel}","templated":true}]}}