{"id":34170,"date":"2023-03-01T05:21:00","date_gmt":"2023-03-01T05:21:00","guid":{"rendered":"https:\/\/chicagodesavanja.us\/stravicno-ubistvo-muskarac-napunio-pistolj-i-pucao-u-coveka-na-ulici-video\/"},"modified":"2023-03-01T05:21:00","modified_gmt":"2023-03-01T05:21:00","slug":"stravicno-ubistvo-muskarac-napunio-pistolj-i-pucao-u-coveka-na-ulici-video","status":"publish","type":"post","link":"https:\/\/chicagodesavanja.us\/en\/vesti\/stravicno-ubistvo-muskarac-napunio-pistolj-i-pucao-u-coveka-na-ulici-video\/","title":{"rendered":"Stravi\u010dno ubistvo: Mu\u0161karac napunio pi\u0161tolj i pucao u \u010doveka na ulici! (VIDEO)"},"content":{"rendered":"<p class=\"wp-block-paragraph\">Mu\u0161karac iz Sent Luisa uhap\u0161en je nakon \u0161to se na dru\u0161tvenim mre\u017eama pojavio video na kojem se vidi kako non\u0161alantno puca usred bela dana i ubija besku\u0107nika.<\/p>\n\n\n\n<p class=\"wp-block-paragraph\">De\u0161an Tomas (23) uhap\u0161en je zbog ubistva, ali jo\u0161 uvek nije podignuta optu\u017enica.<\/p>\n\n\n\n<figure class=\"wp-block-embed is-type-rich is-provider-twitter wp-block-embed-twitter\"><div class=\"wp-block-embed__wrapper\">\nhttps:\/\/twitter.com\/CollinRugg\/status\/1630593519386767360?s=20\n<\/div><\/figure>\n\n\n\n<p class=\"wp-block-paragraph\"><\/p>\n\n\n\n<p class=\"wp-block-paragraph\">Na snimku se vidi kako se osumnji\u010deni nekoliko minuta mu\u010di da napuni pi\u0161tolj dok stoji odmah iza besku\u0107nika, koji sedi na ivi\u010dnjaku samo nekoliko koraka dalje, a zatim puca u \u010doveka koji \u0107e tek biti identifikovan.<\/p>\n\n\n\n<p class=\"wp-block-paragraph\">\u201eO moj bo\u017ee. On ga je samo je*eno ubio\u201d, \u010duje se da govori svedok ovog stravi\u010dnog ubistva, koji je ovo zabele\u017eio na kameri.<\/p>\n\n\n\n<p class=\"wp-block-paragraph\">Pucnjava se dogodila u centru grada Sent Luisa u ponedeljak 27. februara oko 10 sati, a Tomas je priveden u lokalnoj biblioteci nakon \u0161to je pobegao sa mesta doga\u0111aja, saop\u0161tila je policija.<\/p>\n\n\n\n<p class=\"wp-block-paragraph\">\u017drtva se par minuta ranije se odbranila od Tomasa na benzinskoj pumpi, a on ga je potom jurio preko ulice pre nego \u0161to ga je upucao, pi\u0161e Dejli mejl.<\/p>\n\n\n\n<p class=\"wp-block-paragraph\">\u201eTviter je uklonio ovaj video koji sam ju\u010de objavio, pa \u0107u ga ponovo objaviti. Ne prikazuje ubistvo na kameri, pa prestanite da ga cenzuri\u0161ete\u201c, napisala je osoba koja je objavila video u svom tvitu.<\/p>\n\n\n\n<p class=\"wp-block-paragraph\" style=\"font-size:10px\">SOURCE: <a href=\"https:\/\/www.kurir.rs\/planeta\/4116520\/stravicno-ubistvo-muskarac-napunio-pistolj-i-pucao-u-coveka-na-ulici-usred-bela-dana-uznemirujuci-snimak\" target=\"_blank\" rel=\"noreferrer noopener\">Courier <\/a>FOTO: YAHOO <\/p>","protected":false},"excerpt":{"rendered":"<p>Mu\u0161karac iz Sent Luisa uhap\u0161en je nakon \u0161to se na dru\u0161tvenim mre\u017eama pojavio video na kojem se vidi kako non\u0161alantno puca usred bela dana i ubija besku\u0107nika. De\u0161an Tomas (23) uhap\u0161en je zbog ubistva, ali jo\u0161 uvek nije podignuta optu\u017enica. Na snimku se vidi kako se osumnji\u010deni nekoliko minuta mu\u010di da napuni pi\u0161tolj dok stoji [&hellip;]<\/p>\n","protected":false},"author":3,"featured_media":9652,"comment_status":"","ping_status":"","sticky":false,"template":"","format":"standard","meta":{"footnotes":""},"categories":[368,369],"tags":[538,41236,42349,3165,568,36398],"class_list":["post-34170","post","type-post","status-publish","format-standard","has-post-thumbnail","hentry","category-vesti-amerika","category-vesti","tag-amerika","tag-beskucnik","tag-pistolj","tag-pucnjava","tag-sad","tag-ubistvo"],"_links":{"self":[{"href":"https:\/\/chicagodesavanja.us\/en\/wp-json\/wp\/v2\/posts\/34170","targetHints":{"allow":["GET"]}}],"collection":[{"href":"https:\/\/chicagodesavanja.us\/en\/wp-json\/wp\/v2\/posts"}],"about":[{"href":"https:\/\/chicagodesavanja.us\/en\/wp-json\/wp\/v2\/types\/post"}],"author":[{"embeddable":true,"href":"https:\/\/chicagodesavanja.us\/en\/wp-json\/wp\/v2\/users\/3"}],"replies":[{"embeddable":true,"href":"https:\/\/chicagodesavanja.us\/en\/wp-json\/wp\/v2\/comments?post=34170"}],"version-history":[{"count":0,"href":"https:\/\/chicagodesavanja.us\/en\/wp-json\/wp\/v2\/posts\/34170\/revisions"}],"wp:featuredmedia":[{"embeddable":true,"href":"https:\/\/chicagodesavanja.us\/en\/wp-json\/wp\/v2\/media\/9652"}],"wp:attachment":[{"href":"https:\/\/chicagodesavanja.us\/en\/wp-json\/wp\/v2\/media?parent=34170"}],"wp:term":[{"taxonomy":"category","embeddable":true,"href":"https:\/\/chicagodesavanja.us\/en\/wp-json\/wp\/v2\/categories?post=34170"},{"taxonomy":"post_tag","embeddable":true,"href":"https:\/\/chicagodesavanja.us\/en\/wp-json\/wp\/v2\/tags?post=34170"}],"curies":[{"name":"WP","href":"https:\/\/api.w.org\/{rel}","templated":true}]}}