{"id":34136,"date":"2023-03-03T05:39:06","date_gmt":"2023-03-03T05:39:06","guid":{"rendered":"https:\/\/chicagodesavanja.us\/u-sad-ponovo-predlozeno-ukidanje-sezonskog-racunanja-vremena\/"},"modified":"2023-03-03T05:39:06","modified_gmt":"2023-03-03T05:39:06","slug":"u-sad-ponovo-predlozeno-ukidanje-sezonskog-racunanja-vremena","status":"publish","type":"post","link":"https:\/\/chicagodesavanja.us\/en\/vesti\/u-sad-ponovo-predlozeno-ukidanje-sezonskog-racunanja-vremena\/","title":{"rendered":"U SAD ponovo predlo\u017eeno ukidanje sezonskog ra\u010dunanja vremena"},"content":{"rendered":"<p class=\"wp-block-paragraph\">Grupa od 12 ameri\u010dkih senatora ponovo je predlo\u017eila zakon kojim bi se letnje ra\u010dunanje vremena u SAD u\u010dinilo trajnim.<\/p>\n\n\n\n<p class=\"wp-block-paragraph\">Kako podse\u0107a Rojters, Senat je u martu 2022. godine jednoglasno izglasao da se u SAD okon\u010da pomeranje sata dva puta godi\u0161nje.<\/p>\n\n\n\n<p class=\"wp-block-paragraph\">Me\u0111utim, taj zakon nije pro\u0161ao glasanje u Predstavni\u010dkom domu ameri\u010dkog Kongresa, jer kongresmeni nisu mogli da se saglase oko toga da li \u0107e zadr\u017eati zimsko ili letnje ra\u010dunanje vremena.<\/p>\n\n\n\n<p class=\"wp-block-paragraph\">Novi predlog dobio je podr\u0161ku senatora kako iz Republikanske, tako i iz Demokratske stranke. Senator sa Floride Marko Rubio, koji stoji iza predlo\u017eenog zakona, ocenio je da je ritual promene sata &#8222;glup&#8220; i zastareo.<\/p>\n\n\n\n<p class=\"wp-block-paragraph\">U Predstavni\u010dkom domu sli\u010dan zakon predlo\u017eio je kongresmen Vern Bjukenen, tako\u0111e sa Floride, koji je ocenio da ukidanje sezonskog ra\u010dunanja vremena donosi ogromne zdravstvene i ekonomske koristi.<\/p>\n\n\n\n<p class=\"wp-block-paragraph\">TV mre\u017ea ABC isti\u010de da takva ideja ima zna\u010dajnu popularnost u SAD. Anketa Univerziteta Monmaut sprovedena pro\u0161le godine pokazala je da 61 odsto Amerikanaca \u017eeli ukidanje sezonskog pomeranja sata.<\/p>\n\n\n\n<p class=\"wp-block-paragraph\">Isto istra\u017eivanje pokazalo je da 44 odsto Amerikanaca \u017eeli da letnje ra\u010dunanje vremena postane trajno, dok 13 odsto \u017eeli da se standardno (zimsko) vreme zadr\u017ei cele godine.<\/p>\n\n\n\n<p class=\"wp-block-paragraph\">Ameri\u010dki mediji ukazuju da podr\u0161ka ukidanju pomeranja sata dva puta godi\u0161nje dolazi od onih koji ka\u017eu da \u0107e time biti smanjena potro\u0161nja struje, ubla\u017eena sezonska depresija i otklonjen porast saobra\u0107ajnih nesre\u0107a koje se tipi\u010dno doga\u0111aju u vreme pomeranja sata.<\/p>\n\n\n\n<p class=\"wp-block-paragraph\">Oni koji se zala\u017eu za zadr\u017eavanje postoje\u0107eg stanja ka\u017eu da \u0107e ukidanjem sezonskog pomeranja vremena milioni \u0161kolske dece zimi kretati na \u010dasove po mraku.<\/p>\n\n\n\n<p class=\"wp-block-paragraph\">Letnje ra\u010dunanje vremena u SAD uvedeno je 1960-ih godina, a ove godine po\u010dinje 12. marta i traje do 5. novembra.<\/p>\n\n\n\n<p class=\"wp-block-paragraph\">Od 2015. godine oko 30 ameri\u010dkih dr\u017eava donelo je zakone o ukidanju sezonskog pomeranja sata.<\/p>\n\n\n\n<p class=\"wp-block-paragraph\" style=\"font-size:10px\">SOURCE: <a href=\"https:\/\/rtv.rs\/sr_lat\/svet\/u-sad-ponovo-predlozeno-ukidanje-sezonskog-racunanja-vremena_1423039.html\" target=\"_blank\" rel=\"noreferrer noopener\">RTV <\/a>PHOTO: GOOGLE<\/p>","protected":false},"excerpt":{"rendered":"<p>Grupa od 12 ameri\u010dkih senatora ponovo je predlo\u017eila zakon kojim bi se letnje ra\u010dunanje vremena u SAD u\u010dinilo trajnim. Kako podse\u0107a Rojters, Senat je u martu 2022. godine jednoglasno izglasao da se u SAD okon\u010da pomeranje sata dva puta godi\u0161nje. Me\u0111utim, taj zakon nije pro\u0161ao glasanje u Predstavni\u010dkom domu ameri\u010dkog Kongresa, jer kongresmeni nisu mogli [&hellip;]<\/p>\n","protected":false},"author":3,"featured_media":15399,"comment_status":"","ping_status":"","sticky":false,"template":"","format":"standard","meta":{"wpai_generated_summary":"","footnotes":""},"categories":[368,369],"tags":[538,8848,568,33662,49603,3925],"class_list":["post-34136","post","type-post","status-publish","format-standard","has-post-thumbnail","hentry","category-vesti-amerika","category-vesti","tag-amerika","tag-letnje-vreme","tag-sad","tag-sat","tag-sezonsko-racunanje-vremena","tag-vreme"],"_links":{"self":[{"href":"https:\/\/chicagodesavanja.us\/en\/wp-json\/wp\/v2\/posts\/34136","targetHints":{"allow":["GET"]}}],"collection":[{"href":"https:\/\/chicagodesavanja.us\/en\/wp-json\/wp\/v2\/posts"}],"about":[{"href":"https:\/\/chicagodesavanja.us\/en\/wp-json\/wp\/v2\/types\/post"}],"author":[{"embeddable":true,"href":"https:\/\/chicagodesavanja.us\/en\/wp-json\/wp\/v2\/users\/3"}],"replies":[{"embeddable":true,"href":"https:\/\/chicagodesavanja.us\/en\/wp-json\/wp\/v2\/comments?post=34136"}],"version-history":[{"count":0,"href":"https:\/\/chicagodesavanja.us\/en\/wp-json\/wp\/v2\/posts\/34136\/revisions"}],"wp:featuredmedia":[{"embeddable":true,"href":"https:\/\/chicagodesavanja.us\/en\/wp-json\/wp\/v2\/media\/15399"}],"wp:attachment":[{"href":"https:\/\/chicagodesavanja.us\/en\/wp-json\/wp\/v2\/media?parent=34136"}],"wp:term":[{"taxonomy":"category","embeddable":true,"href":"https:\/\/chicagodesavanja.us\/en\/wp-json\/wp\/v2\/categories?post=34136"},{"taxonomy":"post_tag","embeddable":true,"href":"https:\/\/chicagodesavanja.us\/en\/wp-json\/wp\/v2\/tags?post=34136"}],"curies":[{"name":"WP","href":"https:\/\/api.w.org\/{rel}","templated":true}]}}