{"id":33917,"date":"2023-03-17T06:04:44","date_gmt":"2023-03-17T06:04:44","guid":{"rendered":"https:\/\/chicagodesavanja.us\/pariz-tokom-protesta-zbog-penzione-reforme-uhapseno-217-ljudi\/"},"modified":"2023-03-17T06:04:44","modified_gmt":"2023-03-17T06:04:44","slug":"pariz-tokom-protesta-zbog-penzione-reforme-uhapseno-217-ljudi","status":"publish","type":"post","link":"https:\/\/chicagodesavanja.us\/en\/vesti\/pariz-tokom-protesta-zbog-penzione-reforme-uhapseno-217-ljudi\/","title":{"rendered":"Pariz: Tokom protesta zbog penzione reforme uhap\u0161eno 217 ljudi"},"content":{"rendered":"<p class=\"wp-block-paragraph\">Francuska policija uhapsila je 217 ljudi tokom protesta u Parizu protiv penzione reforme koja je usvojena pokretanjem specijalne procedure, prenosi portal BFMTV.<\/p>\n\n\n\n<p class=\"wp-block-paragraph\">Policija je upotrebila suzavac i vodene topove protiv demonstranata na Trgu Konkord u Parizu, gde se okupilo oko 7.000 ljudi u znak protesta zbog reformi penzionog sistema.<\/p>\n\n\n\n<p class=\"wp-block-paragraph\">Kako je preneo&nbsp;<em>Rojters<\/em>, demonstranti su bacali kamenice na policiju koja je potom intervenisala kako bi razbila grupe u\u010desnika protesta.<\/p>\n\n\n\n<p class=\"wp-block-paragraph\">Protesti su odr\u017eani u gotovo svim ve\u0107im gradovima Francuske.<\/p>\n\n\n\n<p class=\"wp-block-paragraph\">Francuska premijerka Elizabet Born prethodno je pokrenula specijalnu proceduru za usvajanje nepopularnog zakona o penzionoj reformi u Narodnoj skup\u0161tini bez glasanja, usred povika i skandiranja levi\u010darskih poslanika koji su mahali transparentima protiv penzione reforme.<\/p>\n\n\n\n<p class=\"wp-block-paragraph\">Kori\u0161\u0107enjem takozvanog \u010dlana 49.3 Ustava, obezbe\u0111eno je usvajanje predloga zakona o podizanju starosne granice za odlazak u penziju za dve godine \u2013 sa 62 na 64, ali to pokazuje da predsednik Emanuel Makron i njegova vlada nisu uspeli da obezbede dovoljnu ve\u0107inu u parlamentu, preneo je Rojters.<\/p>\n\n\n\n<p class=\"wp-block-paragraph\">Agencija ocenjuje da \u0107e opozicione stranke verovatno tra\u017eiti da se glasa o poverenju vladi, ali da je malo verovatno da \u0107e vlada pasti jer \u0107e je ve\u0107ina konzervativnih poslanika verovatno podr\u017eati.<\/p>\n\n\n\n<p class=\"wp-block-paragraph\">Makron i njegova vlada tvrde da je pove\u0107anje starosne granice za odlazak u penziju neophodno da bi se odr\u017eao penzioni sistem, ali njegov neuspeh da reforma penzionog sistema bude usvojena u parlamentu predstavlja udarac njegovim naporima da sprovede nove reforme, navodi Rojters.<\/p>\n\n\n\n<p class=\"wp-block-paragraph\"><\/p>\n\n\n\n<p class=\"wp-block-paragraph\" style=\"font-size:10px\">IZVOR: RTS I FOTO: PRINTSCREEN<\/p>","protected":false},"excerpt":{"rendered":"<p>Francuska policija uhapsila je 217 ljudi tokom protesta u Parizu protiv penzione reforme koja je usvojena pokretanjem specijalne procedure, prenosi portal BFMTV. Policija je upotrebila suzavac i vodene topove protiv demonstranata na Trgu Konkord u Parizu, gde se okupilo oko 7.000 ljudi u znak protesta zbog reformi penzionog sistema. Kako je preneo&nbsp;Rojters, demonstranti su bacali [&hellip;]<\/p>\n","protected":false},"author":4,"featured_media":0,"comment_status":"","ping_status":"","sticky":false,"template":"","format":"standard","meta":{"wpai_generated_summary":"","footnotes":""},"categories":[431,369],"tags":[6564,530,4067,45277,19036,11054,2358,803,9481],"class_list":["post-33917","post","type-post","status-publish","format-standard","hentry","category-svet","category-vesti","tag-demonstracije","tag-francuska","tag-hapsenja","tag-hapsenje-demonstranata","tag-novi-zakon","tag-pariz","tag-penzije","tag-protesti","tag-reforme"],"_links":{"self":[{"href":"https:\/\/chicagodesavanja.us\/en\/wp-json\/wp\/v2\/posts\/33917","targetHints":{"allow":["GET"]}}],"collection":[{"href":"https:\/\/chicagodesavanja.us\/en\/wp-json\/wp\/v2\/posts"}],"about":[{"href":"https:\/\/chicagodesavanja.us\/en\/wp-json\/wp\/v2\/types\/post"}],"author":[{"embeddable":true,"href":"https:\/\/chicagodesavanja.us\/en\/wp-json\/wp\/v2\/users\/4"}],"replies":[{"embeddable":true,"href":"https:\/\/chicagodesavanja.us\/en\/wp-json\/wp\/v2\/comments?post=33917"}],"version-history":[{"count":0,"href":"https:\/\/chicagodesavanja.us\/en\/wp-json\/wp\/v2\/posts\/33917\/revisions"}],"wp:attachment":[{"href":"https:\/\/chicagodesavanja.us\/en\/wp-json\/wp\/v2\/media?parent=33917"}],"wp:term":[{"taxonomy":"category","embeddable":true,"href":"https:\/\/chicagodesavanja.us\/en\/wp-json\/wp\/v2\/categories?post=33917"},{"taxonomy":"post_tag","embeddable":true,"href":"https:\/\/chicagodesavanja.us\/en\/wp-json\/wp\/v2\/tags?post=33917"}],"curies":[{"name":"WP","href":"https:\/\/api.w.org\/{rel}","templated":true}]}}