{"id":33854,"date":"2023-03-22T05:08:00","date_gmt":"2023-03-22T05:08:00","guid":{"rendered":"https:\/\/chicagodesavanja.us\/dodatne-mere-u-vezi-sa-kradjama-hyundai-i-kia-automobila\/"},"modified":"2023-03-22T05:08:00","modified_gmt":"2023-03-22T05:08:00","slug":"dodatne-mere-u-vezi-sa-kradjama-hyundai-i-kia-automobila","status":"publish","type":"post","link":"https:\/\/chicagodesavanja.us\/en\/vesti\/dodatne-mere-u-vezi-sa-kradjama-hyundai-i-kia-automobila\/","title":{"rendered":"Dr\u017eavni tu\u017eilac Ilinoisa pozvao kompanije Hyundai i Kia da preduzmu dodatne mere protiv kra\u0111e automobila"},"content":{"rendered":"<p class=\"wp-block-paragraph\">Dr\u017eavni tu\u017eilac Ilinoisa Kwame Raoul pridru\u017eio se u utorak 21. marta nekolicini kolega pozivaju\u0107i kompanije Hyundai i Kia da preduzmu dodatne mere u vezi sa kra\u0111ama automobila u oblasti \u010cikaga. Zbog TikTok izazova broj kra\u0111a ovih vozila je u konstantnom porastu.<\/p>\n\n\n\n<p class=\"wp-block-paragraph\">Kompanije Hyundai i Kia su najavile kampanju za podr\u0161ku korisnicima i nadogradnju softvera za vozila koja su pogo\u0111ena kra\u0111ama. Me\u0111utim zvani\u010dnici ilinoisa su istakli da je plan kompanija nedovoljan i nepotpun.<\/p>\n\n\n\n<p class=\"wp-block-paragraph\">Kancelarija dr\u017eavnog tu\u017eioca saop\u0161tila je da kompanije Hyundai i Kia nisu uspele da opreme vozila imobilajzerima protiv kra\u0111e. \u201ePozivam Hyundai i Kia kompanije da ubrzaju nadogradnju softvera kako bi osigurali da su vozila potro\u0161a\u010da pravilno opremljena za za\u0161titu od kra\u0111e. Ove kompanije moraju da obezbede besplatne alternativne za\u0161titne mere vlasnicima vozila koja ne mogu da podr\u017ee nadogradnju softvera\u201c, rekao je tu\u017eilac.<\/p>\n\n\n\n<p class=\"wp-block-paragraph\">U 2022. godini u \u010cikagu je prijavljeno preko 7.000 kra\u0111a Hyundai i Kia vozila. Ovaj broj \u010dini 10% svih registrovanih Kia vozila, i 7% svih registrovanih Hyundai vozila u gradu. \u201eHyundai je posve\u0107en kvalitetu i integritetu na\u0161ih vozila i planira da nastavi da podr\u017eava zajednice pogo\u0111ene problemom kra\u0111e. Sva na\u0161a vozila ispunjavaju zahteve za ure\u0111aje protiv kra\u0111e Federalnog standarda o bezbednosti motornih vozila 114.\u201d<\/p>\n\n\n\n<p class=\"wp-block-paragraph\" style=\"font-size:10px\">SOURCE: <a href=\"https:\/\/wgntv.com\/news\/chicago-news\/illinois-ag-urges-hyundai-kia-to-take-comprehensive-action-over-car-thefts\/\" target=\"_blank\" rel=\"noreferrer noopener\">WGN TV <\/a>| FOTO: WGN TV<\/p>","protected":false},"excerpt":{"rendered":"<p>Dr\u017eavni tu\u017eilac Ilinoisa Kwame Raoul pridru\u017eio se u utorak 21. marta nekolicini kolega pozivaju\u0107i kompanije Hyundai i Kia da preduzmu dodatne mere u vezi sa kra\u0111ama automobila u oblasti \u010cikaga. Zbog TikTok izazova broj kra\u0111a ovih vozila je u konstantnom porastu. Kompanije Hyundai i Kia su najavile kampanju za podr\u0161ku korisnicima i nadogradnju softvera za [&hellip;]<\/p>\n","protected":false},"author":3,"featured_media":0,"comment_status":"","ping_status":"","sticky":false,"template":"","format":"standard","meta":{"wpai_generated_summary":"","footnotes":""},"categories":[368,653,369],"tags":[538,457,370,44367,44313,43201,15524,42172,568],"class_list":["post-33854","post","type-post","status-publish","format-standard","hentry","category-vesti-amerika","category-cikago","category-vesti","tag-amerika","tag-chicago","tag-cikago","tag-drzavni-tuzilac","tag-hyndai","tag-kia","tag-kradja","tag-kradja-automobila","tag-sad"],"_links":{"self":[{"href":"https:\/\/chicagodesavanja.us\/en\/wp-json\/wp\/v2\/posts\/33854","targetHints":{"allow":["GET"]}}],"collection":[{"href":"https:\/\/chicagodesavanja.us\/en\/wp-json\/wp\/v2\/posts"}],"about":[{"href":"https:\/\/chicagodesavanja.us\/en\/wp-json\/wp\/v2\/types\/post"}],"author":[{"embeddable":true,"href":"https:\/\/chicagodesavanja.us\/en\/wp-json\/wp\/v2\/users\/3"}],"replies":[{"embeddable":true,"href":"https:\/\/chicagodesavanja.us\/en\/wp-json\/wp\/v2\/comments?post=33854"}],"version-history":[{"count":0,"href":"https:\/\/chicagodesavanja.us\/en\/wp-json\/wp\/v2\/posts\/33854\/revisions"}],"wp:attachment":[{"href":"https:\/\/chicagodesavanja.us\/en\/wp-json\/wp\/v2\/media?parent=33854"}],"wp:term":[{"taxonomy":"category","embeddable":true,"href":"https:\/\/chicagodesavanja.us\/en\/wp-json\/wp\/v2\/categories?post=33854"},{"taxonomy":"post_tag","embeddable":true,"href":"https:\/\/chicagodesavanja.us\/en\/wp-json\/wp\/v2\/tags?post=33854"}],"curies":[{"name":"WP","href":"https:\/\/api.w.org\/{rel}","templated":true}]}}