{"id":33664,"date":"2023-04-05T05:25:00","date_gmt":"2023-04-05T05:25:00","guid":{"rendered":"https:\/\/chicagodesavanja.us\/djukanovicu-naredjeno-da-srusi-svoja-dva-nelegalna-objekta-u-niksicu\/"},"modified":"2023-04-05T05:25:00","modified_gmt":"2023-04-05T05:25:00","slug":"djukanovicu-naredjeno-da-srusi-svoja-dva-nelegalna-objekta-u-niksicu","status":"publish","type":"post","link":"https:\/\/chicagodesavanja.us\/en\/vesti\/djukanovicu-naredjeno-da-srusi-svoja-dva-nelegalna-objekta-u-niksicu\/","title":{"rendered":"\u0110ukanovi\u0107u nare\u0111eno da sru\u0161i svoja dva nelegalna objekta u Nik\u0161i\u0107u"},"content":{"rendered":"<p class=\"wp-block-paragraph\">Vanparlamentrani Demohri\u0161\u0107anski pokret kojeg je osnovao biv\u0161i premijer Crne Gore Zdravko Krivokapi\u0107 saop\u0161tio je da je odlaze\u0107em \u0161efu dr\u017eave Milu \u0110ukanovi\u0107u, dan po\u0161to je izgubio izbore, inspekcija nalo\u017eila da sru\u0161i svoje nelegalne objekte u Nik\u0161i\u0107u jer su u suprotnosti sa op\u0161tinskim prostorno-urbanisti\u010dkim planom.<\/p>\n\n\n\n<p class=\"wp-block-paragraph\">Ta stranka je medijima dostavila odluku o ru\u0161enju objekata od 170 i od 89 kvadratnih metara, a oglasila se i URA premijera u tehni\u010dkom mandatu Dritana Abazovi\u0107a.<\/p>\n\n\n\n<p class=\"wp-block-paragraph\">\u201eUrbanisti\u010dko-gra\u0111evinska inspekcija Ministarstva ekologije, prostornog planiranja i urbanizma, na \u010delu s ministarkm Anom Novakovi\u0107 \u0110urovi\u0107, donela je danas (u utorak) re\u0161enje kojim se subjektu Milu \u0110ukanovi\u0107u nala\u017ee da poru\u0161i dva bespravno izgra\u0111ena objekta u KO (katastarsko op\u0161tini) Ko\u010dani u Nik\u0161i\u0107u\u201c, navela je URA na Tviteru.<\/p>\n\n\n\n<p class=\"wp-block-paragraph\">U re\u0161enju je rok za izvr\u0161enje tog nare\u0111enja 20 dana od dana njegovog prijema, a ako \u0110ukanovi\u0107 u tom roku ne sru\u0161i te objekte, to \u0107e o njegovom tro\u0161ku u\u010diniti dr\u017eava.<\/p>\n\n\n\n<p class=\"wp-block-paragraph\">\u201eNema vi\u0161e privilegovanih i za\u0161ti\u0107enih. Crna Gora na pravom putu\u201c, poru\u010dila je URA.<\/p>\n\n\n\n<p class=\"wp-block-paragraph\" style=\"font-size:10px\">SOURCE: BETA, <a href=\"https:\/\/n1info.rs\/region\/djukanovicu-naredjeno-da-srusi-svoja-dva-nelegalna-objekta-u-niksicu\/\" target=\"_blank\" rel=\"noreferrer noopener\">N1<\/a><a href=\"https:\/\/aktuelnosti.us\/\" target=\"_blank\" rel=\"noopener\">: <\/a>FOTO; PRINTSCREEN<\/p>","protected":false},"excerpt":{"rendered":"<p>Vanparlamentrani Demohri\u0161\u0107anski pokret kojeg je osnovao biv\u0161i premijer Crne Gore Zdravko Krivokapi\u0107 saop\u0161tio je da je odlaze\u0107em \u0161efu dr\u017eave Milu \u0110ukanovi\u0107u, dan po\u0161to je izgubio izbore, inspekcija nalo\u017eila da sru\u0161i svoje nelegalne objekte u Nik\u0161i\u0107u jer su u suprotnosti sa op\u0161tinskim prostorno-urbanisti\u010dkim planom. Ta stranka je medijima dostavila odluku o ru\u0161enju objekata od 170 i [&hellip;]<\/p>\n","protected":false},"author":1,"featured_media":0,"comment_status":"","ping_status":"","sticky":false,"template":"","format":"standard","meta":{"wpai_generated_summary":"","footnotes":""},"categories":[431,369],"tags":[529,48374,1140,49185,41288],"class_list":["post-33664","post","type-post","status-publish","format-standard","hentry","category-svet","category-vesti","tag-crna-gora","tag-milo-djukanovic","tag-niksic","tag-objekti","tag-rusenje"],"_links":{"self":[{"href":"https:\/\/chicagodesavanja.us\/en\/wp-json\/wp\/v2\/posts\/33664","targetHints":{"allow":["GET"]}}],"collection":[{"href":"https:\/\/chicagodesavanja.us\/en\/wp-json\/wp\/v2\/posts"}],"about":[{"href":"https:\/\/chicagodesavanja.us\/en\/wp-json\/wp\/v2\/types\/post"}],"author":[{"embeddable":true,"href":"https:\/\/chicagodesavanja.us\/en\/wp-json\/wp\/v2\/users\/1"}],"replies":[{"embeddable":true,"href":"https:\/\/chicagodesavanja.us\/en\/wp-json\/wp\/v2\/comments?post=33664"}],"version-history":[{"count":0,"href":"https:\/\/chicagodesavanja.us\/en\/wp-json\/wp\/v2\/posts\/33664\/revisions"}],"wp:attachment":[{"href":"https:\/\/chicagodesavanja.us\/en\/wp-json\/wp\/v2\/media?parent=33664"}],"wp:term":[{"taxonomy":"category","embeddable":true,"href":"https:\/\/chicagodesavanja.us\/en\/wp-json\/wp\/v2\/categories?post=33664"},{"taxonomy":"post_tag","embeddable":true,"href":"https:\/\/chicagodesavanja.us\/en\/wp-json\/wp\/v2\/tags?post=33664"}],"curies":[{"name":"WP","href":"https:\/\/api.w.org\/{rel}","templated":true}]}}