{"id":33660,"date":"2023-04-05T05:42:00","date_gmt":"2023-04-05T05:42:00","guid":{"rendered":"https:\/\/chicagodesavanja.us\/finska-zvanicno-primljena-u-nato\/"},"modified":"2023-04-05T05:42:00","modified_gmt":"2023-04-05T05:42:00","slug":"finska-zvanicno-primljena-u-nato","status":"publish","type":"post","link":"https:\/\/chicagodesavanja.us\/en\/vesti\/finska-zvanicno-primljena-u-nato\/","title":{"rendered":"Finska zvani\u010dno primljena u NATO, Rusija najavljuje kontramere"},"content":{"rendered":"<p class=\"wp-block-paragraph\">Finska je zvani\u010dno postala 31. \u010dlanica NATO-a. Predsednik Finske je istakao da \u0107e ta zemlja intenzivno raditi da osigura \u010dlanstvo \u0160vedske u Alijansi.<\/p>\n\n\n\n<p class=\"wp-block-paragraph\">\u0160ef finske diplomatije Peka Havisto predao je u Briselu dokument o pristupanju te zemlje Severnoatlantskoj alijansi ameri\u010dkom dr\u017eavnom sekretaru Entoniju Blinkenu.<\/p>\n\n\n\n<p class=\"wp-block-paragraph\">Havisto je prethodno u sedi\u0161tu Alijanse potpisao dokument o \u010dlanstvu te zemlje u NATO. Formalna ceremonija o ulasku Finske u NATO bi\u0107e odr\u017eana danas u Briselu.<\/p>\n\n\n\n<p class=\"wp-block-paragraph\">Predsednik Finske Sauli Ninisto u saop\u0161tenju povodom pristupanja te zemlje u NATO-u istkoa je da taj \u010din usmeren ni protiv jedne zemlje.<\/p>\n\n\n\n<p class=\"wp-block-paragraph\">&#8222;\u010clanstvo Finske u NATO nije usmereno ni protiv koga. Niti menja temelje ili ciljeve finske spoljne i bezbednosne politike&#8220;, istakao je Ninisto u saop\u0161tenju objavljenom na Tviteru, preneo je Tas.<\/p>\n\n\n\n<p class=\"wp-block-paragraph\">Naveo je da je Finska stabilna i predvidljiva nordijska zemlja koja te\u017ei mirnom re\u0161avanju sporova.<\/p>\n\n\n\n<p class=\"wp-block-paragraph\">&#8222;Principi i vrednosti koje su va\u017ene za Finsku nastavi\u0107e da vode na\u0161u spoljnu politiku i u budu\u0107nosti&#8220;, naglasio je Ninisto.<\/p>\n\n\n\n<p class=\"wp-block-paragraph\">Najzna\u010dajniji doprinos Finske zajedni\u010dkom odvra\u0107anju i odbrani NATO bi\u0107e u obezbe\u0111ivanju i odbrani na\u0161e spostvene teritorije, izjavio je predsednik Finske. Prema njegovim re\u010dima, jo\u0161 predstoji zna\u010dajan &#8222;posao&#8220; koji treba uraditi kako bi se koordinisala odbrana Finske u deo zajedni\u010dke NATO odbrane, preneo je&nbsp;<em>Rojters<\/em>.<\/p>\n\n\n\n<p class=\"wp-block-paragraph\">Predsednik Finske je dodao i da \u0107e ta zemlja intenzivno raditi da osigura \u010dlanstvo \u0160vedske u NATO. &#8222;\u010clanstvo Finske nije potpuno bez \u010dlanstva \u0160vedske. Rad na \u0161to skorijem \u010dlanstvu \u0160vedske se nastavlja intezivno&#8220;, naveo je Ninisto u saop\u0161tenju.<\/p>\n\n\n\n<p class=\"wp-block-paragraph\">&nbsp;Finska i \u0160vedska su se zajedno prijavile za ulazak u NATO nakon napada Rusije na Ukrajinu u februaru 2022. godine. Od postoje\u0107ih \u010dlanica NATO, Ma\u0111arska i Turska jo\u0161 treba da ratifikuju \u0161vedsku prijavu za \u010dlanstvo.<\/p>\n\n\n\n<p class=\"wp-block-paragraph\">Generalni sekretar NATO-a Jens Stoltenberg rekao je ranije da \u0107e pristupanje Finske NATO-u biti istorijski doga\u0111aj i direktan rezultat ruske invazije na Ukrajinu, dodaju\u0107i da \u0107e alijansa osigurati da \u0160vedska tako\u0111e postane punopravni \u010dlan.<\/p>\n\n\n\n<p class=\"wp-block-paragraph\">&#8222;Predsednik Putin je kao deklarisani cilj invazije&nbsp;na Ukrajinu dobije manje NATO-a.&nbsp;Postigao je upravo suprotno. Finska danas, a uskoro \u0107e i \u0160vedska postati punopravna&nbsp;\u010dlanica&nbsp;alijanse&#8220;, rekao je&nbsp;Stoltenberg.<\/p>\n\n\n\n<p class=\"wp-block-paragraph\"><\/p>\n\n\n\n<p class=\"wp-block-paragraph\" style=\"font-size:10px\">SOURCE: <a href=\"https:\/\/aktuelnosti.us\/goca-trzan-je-veoma-uspesna-i-kao-voditelj\/\" target=\"_blank\" rel=\"noopener\">RTS<\/a> PHOTO: SCREENSHOT<\/p>","protected":false},"excerpt":{"rendered":"<p>Finska je zvani\u010dno postala 31. \u010dlanica NATO-a. Predsednik Finske je istakao da \u0107e ta zemlja intenzivno raditi da osigura \u010dlanstvo \u0160vedske u Alijansi. \u0160ef finske diplomatije Peka Havisto predao je u Briselu dokument o pristupanju te zemlje Severnoatlantskoj alijansi ameri\u010dkom dr\u017eavnom sekretaru Entoniju Blinkenu. Havisto je prethodno u sedi\u0161tu Alijanse potpisao dokument o \u010dlanstvu te [&hellip;]<\/p>\n","protected":false},"author":4,"featured_media":0,"comment_status":"","ping_status":"","sticky":false,"template":"","format":"standard","meta":{"footnotes":""},"categories":[431,369],"tags":[435,837,38904,537],"class_list":["post-33660","post","type-post","status-publish","format-standard","hentry","category-svet","category-vesti","tag-finska","tag-nato","tag-nato-alijansa","tag-svedska"],"_links":{"self":[{"href":"https:\/\/chicagodesavanja.us\/en\/wp-json\/wp\/v2\/posts\/33660","targetHints":{"allow":["GET"]}}],"collection":[{"href":"https:\/\/chicagodesavanja.us\/en\/wp-json\/wp\/v2\/posts"}],"about":[{"href":"https:\/\/chicagodesavanja.us\/en\/wp-json\/wp\/v2\/types\/post"}],"author":[{"embeddable":true,"href":"https:\/\/chicagodesavanja.us\/en\/wp-json\/wp\/v2\/users\/4"}],"replies":[{"embeddable":true,"href":"https:\/\/chicagodesavanja.us\/en\/wp-json\/wp\/v2\/comments?post=33660"}],"version-history":[{"count":0,"href":"https:\/\/chicagodesavanja.us\/en\/wp-json\/wp\/v2\/posts\/33660\/revisions"}],"wp:attachment":[{"href":"https:\/\/chicagodesavanja.us\/en\/wp-json\/wp\/v2\/media?parent=33660"}],"wp:term":[{"taxonomy":"category","embeddable":true,"href":"https:\/\/chicagodesavanja.us\/en\/wp-json\/wp\/v2\/categories?post=33660"},{"taxonomy":"post_tag","embeddable":true,"href":"https:\/\/chicagodesavanja.us\/en\/wp-json\/wp\/v2\/tags?post=33660"}],"curies":[{"name":"WP","href":"https:\/\/api.w.org\/{rel}","templated":true}]}}