{"id":33282,"date":"2023-05-03T12:01:55","date_gmt":"2023-05-03T12:01:55","guid":{"rendered":"https:\/\/chicagodesavanja.us\/policajac-za-dlaku-izbegao-smrt-zamalo-ga-smrskao-bmw-koji-je-jurio-ka-njemu-skoro-200-na-sat-video\/"},"modified":"2023-05-03T12:01:55","modified_gmt":"2023-05-03T12:01:55","slug":"policajac-za-dlaku-izbegao-smrt-zamalo-ga-smrskao-bmw-koji-je-jurio-ka-njemu-skoro-200-na-sat-video","status":"publish","type":"post","link":"https:\/\/chicagodesavanja.us\/en\/vesti\/policajac-za-dlaku-izbegao-smrt-zamalo-ga-smrskao-bmw-koji-je-jurio-ka-njemu-skoro-200-na-sat-video\/","title":{"rendered":"Policajac za dlaku izbegao smrt: Zamalo ga smrskao BMW koji je jurio ka njemu skoro 200 na sat! (VIDEO)"},"content":{"rendered":"<p class=\"wp-block-paragraph\">Policajac u predgra\u0111u Vird\u017einije u Va\u0161ingtonu za dlaku je izbegao smrt tako \u0161to je potr\u010dao kako bi pobegao od automobila van kontrole koji je jurio na njega sa druge strane za vreme dok je ispitivao voza\u010da drugog vozila.<\/p>\n\n\n\n<p class=\"wp-block-paragraph\">Ceo doga\u0111aj snimila je nadzorna kamera, a Policija okruga Ferfaks, \u010diji je \u0161ef rekao da niko nije ubijen ili ozbiljno povre\u0111en, objavila je snimak u utorak 2. maja. <\/p>\n\n\n\n<figure class=\"wp-block-embed is-type-rich is-provider-twitter wp-block-embed-twitter\"><div class=\"wp-block-embed__wrapper\">\n<blockquote class=\"twitter-tweet\" data-width=\"500\" data-dnt=\"true\"><p lang=\"en\" dir=\"ltr\">Speeders crash nearly proves fatal for officer on traffic stop. <a href=\"https:\/\/t.co\/cKgxuwsLUf\">https:\/\/t.co\/cKgxuwsLUf<\/a> <a href=\"https:\/\/x.com\/hashtag\/FCPD?src=hash&amp;ref_src=twsrc%5Etfw\">#FCPD<\/a> <a href=\"https:\/\/t.co\/83zi7JeW3u\">pic.twitter.com\/83zi7JeW3u<\/a><\/p>&mdash; Fairfax County Police (@FairfaxCountyPD) <a href=\"https:\/\/x.com\/FairfaxCountyPD\/status\/1653496310132101120?ref_src=twsrc%5Etfw\">May 2, 2023<\/a><\/blockquote><script async src=\"https:\/\/platform.x.com\/widgets.js\" charset=\"utf-8\"><\/script>\n<\/div><\/figure>\n\n\n\n<p class=\"wp-block-paragraph\">To je jednostavno \u010dudesno &#8211; rekao je \u0161ef Kevin Dejvis na konferenciji za novinare.<\/p>\n\n\n\n<p class=\"wp-block-paragraph\">Policajac je zaustavio\u00a0BMW\u00a0serije 7 koji je jurio\u00a0brzinom od\u00a0117 kilometara na \u010das, rekao je Dejvis.<\/p>\n\n\n\n<p class=\"wp-block-paragraph\">Razgovarao je sa njegovim voza\u010dem sa suvoza\u010deve strane kada je drugi BMW krenuo ka njemu, sa druge strane, brzinom ve\u0107om od 190 kilometara na \u010das, rekli su zvani\u010dnici.<\/p>\n\n\n\n<p class=\"wp-block-paragraph\">Taj BMW, M3 visokih performansi, udario je u drugo vozilo, a zatim se okrenuo i zadnjim delom udario u patrolno vozilo okruga Ferfaks, vidi se u snimku u kom deluje da se automobil o\u010de\u0161ao o desnu nogu policajca.<\/p>\n\n\n\n<p class=\"wp-block-paragraph\">Hladan, miran i pribran, on je presko\u010dio za\u0161titnu ogradu i odmah se uklju\u010dio na radio &#8211; rekao je Dejvis.<\/p>\n\n\n\n<p class=\"wp-block-paragraph\">Trojica tinejd\u017eera u M3 pro\u0161la su sa lak\u0161im povredama, a policajac i voza\u010d drugog BMW-a su zbrinuti u bolnici zbog lak\u0161ih povreda i pu\u0161teni su iz nje, saop\u0161tila je policija.<\/p>\n\n\n\n<p class=\"wp-block-paragraph\">Sedamnaestogodi\u0161nji voza\u010d M3 je optu\u017een za nesavesnu vo\u017enju, saop\u0161tilo je odeljenje, a identitet policajca nije objavljen.<\/p>\n\n\n\n<p class=\"wp-block-paragraph\" style=\"font-size:10px\">SOURCE: <a href=\"https:\/\/24sedam.rs\/svet\/vesti\/214332\/bmw-koji-je-jurio-skoro-200-na-sat-zamalo-smrskao-policajca\/vest\" target=\"_blank\" rel=\"noreferrer noopener\">24SEDAM <\/a>FOTO: 24SEDAM <\/p>","protected":false},"excerpt":{"rendered":"<p>Policajac u predgra\u0111u Vird\u017einije u Va\u0161ingtonu za dlaku je izbegao smrt tako \u0161to je potr\u010dao kako bi pobegao od automobila van kontrole koji je jurio na njega sa druge strane za vreme dok je ispitivao voza\u010da drugog vozila. Ceo doga\u0111aj snimila je nadzorna kamera, a Policija okruga Ferfaks, \u010diji je \u0161ef rekao da niko nije [&hellip;]<\/p>\n","protected":false},"author":3,"featured_media":0,"comment_status":"","ping_status":"","sticky":false,"template":"","format":"standard","meta":{"wpai_generated_summary":"","footnotes":""},"categories":[368,369],"tags":[538,7011,7241,568,6503,44953,48767],"class_list":["post-33282","post","type-post","status-publish","format-standard","hentry","category-vesti-amerika","category-vesti","tag-amerika","tag-bmw","tag-policajac","tag-sad","tag-smrt","tag-vozilo","tag-vozilo-izgubilo-kontrolu"],"_links":{"self":[{"href":"https:\/\/chicagodesavanja.us\/en\/wp-json\/wp\/v2\/posts\/33282","targetHints":{"allow":["GET"]}}],"collection":[{"href":"https:\/\/chicagodesavanja.us\/en\/wp-json\/wp\/v2\/posts"}],"about":[{"href":"https:\/\/chicagodesavanja.us\/en\/wp-json\/wp\/v2\/types\/post"}],"author":[{"embeddable":true,"href":"https:\/\/chicagodesavanja.us\/en\/wp-json\/wp\/v2\/users\/3"}],"replies":[{"embeddable":true,"href":"https:\/\/chicagodesavanja.us\/en\/wp-json\/wp\/v2\/comments?post=33282"}],"version-history":[{"count":0,"href":"https:\/\/chicagodesavanja.us\/en\/wp-json\/wp\/v2\/posts\/33282\/revisions"}],"wp:attachment":[{"href":"https:\/\/chicagodesavanja.us\/en\/wp-json\/wp\/v2\/media?parent=33282"}],"wp:term":[{"taxonomy":"category","embeddable":true,"href":"https:\/\/chicagodesavanja.us\/en\/wp-json\/wp\/v2\/categories?post=33282"},{"taxonomy":"post_tag","embeddable":true,"href":"https:\/\/chicagodesavanja.us\/en\/wp-json\/wp\/v2\/tags?post=33282"}],"curies":[{"name":"WP","href":"https:\/\/api.w.org\/{rel}","templated":true}]}}