{"id":33156,"date":"2023-05-13T05:55:57","date_gmt":"2023-05-13T05:55:57","guid":{"rendered":"https:\/\/chicagodesavanja.us\/zakon-kojim-se-pruza-puna-invalidnina\/"},"modified":"2023-05-13T05:55:57","modified_gmt":"2023-05-13T05:55:57","slug":"zakon-kojim-se-pruza-puna-invalidnina","status":"publish","type":"post","link":"https:\/\/chicagodesavanja.us\/en\/vesti\/zakon-kojim-se-pruza-puna-invalidnina\/","title":{"rendered":"Pritzker potpisao zakon kojim se pru\u017ea puna invalidnina policajcima i vatrogascima pogo\u0111enim COVID-19 pandemijom (VIDEO)"},"content":{"rendered":"<p class=\"wp-block-paragraph\">Guverner Pritzker je u sredu 10. maja potpisao zakon kojim se pru\u017ea puna invalidnina \u010dika\u0161kim policajcima i vatrogascima pogo\u0111enim COVID-19 pandemijom. Zakon se odnosi na period pandemije pre nego \u0161to su vakcine bile dostupne.<\/p>\n\n\n\n<p class=\"wp-block-paragraph\">Zakon o slu\u017ebenoj du\u017enosti, HB3162, osigurava invalidninu u visini od 75% plate, plus zdravstveno osiguranje za svakoga pojedinca nesposobnog za rad nakon zaraze koronavirusom. Zakon obuhvata period od 9. marta 2020. godine do 30. juna 2021. godine. Zakon se primenjuje pod pretpostavkom da su zaposleni bolest dobili na poslu.<\/p>\n\n\n\n<p class=\"wp-block-paragraph\"><\/p>\n\n\n\n<figure class=\"wp-block-embed is-type-video is-provider-youtube wp-block-embed-youtube wp-embed-aspect-16-9 wp-has-aspect-ratio\"><div class=\"wp-block-embed__wrapper\">\n<iframe loading=\"lazy\" title=\"Pritzker signs bill expanding COVID disability benefits to Chicago police and firefighters\" width=\"500\" height=\"281\" src=\"https:\/\/www.youtube.com\/embed\/IIDaU0CkBco?feature=oembed\" frameborder=\"0\" allow=\"accelerometer; autoplay; clipboard-write; encrypted-media; gyroscope; picture-in-picture; web-share\" referrerpolicy=\"strict-origin-when-cross-origin\" allowfullscreen><\/iframe>\n<\/div><\/figure>\n\n\n\n<p class=\"wp-block-paragraph\"><\/p>\n\n\n\n<p class=\"wp-block-paragraph\">Pritzker je istakao da su nakon po\u010detka COVID-19 pandemije po\u010detkom 2020. godine policija, vatrogasci i medicinsko osoblje bili prva linija odbrane i spas.<\/p>\n\n\n\n<p class=\"wp-block-paragraph\">\u201eNa\u0161i pripadnici hitnih slu\u017ebi bili su klju\u010dni za na\u0161 nacionalni odgovor. Transportuju\u0107i zara\u017eene pacijente u bolnice, dostavljaju\u0107i maske i komplete za testiranje, ili u pru\u017eanju nege onima u nevolji rizikovali su vlastite \u017eivote\u201c, rekao je Pritzker. \u201eAli \u010dak i sa dru\u0161tvenim distanciranjem, maskama i merama ubla\u017eavanja, mnogi od pripadnika hitnih slu\u017ebi zara\u017eeni su COVID-19 infekcijom.&#8220;<\/p>\n\n\n\n<p class=\"wp-block-paragraph\">58-godi\u0161nji policajac Joaquin Mendoza radio je u ponoc\u0301noj smeni. Bez supru\u017enika ili dece, Mendoza je rekao da mu je posao bio jedini fokus. U novembru 2020. godine radio je 17 dana uzastopno, probudio se jednog jutra sa ka\u0161ljem i dva dana kasnije hitno je preba\u010den u bolnicu sa COVID-19 infekcijom. Od tada je imao pet mo\u017edanih udara i izgubio je oba bubrega. Policeman\u2019s Annuity and Benefit Fund odbio je njegov zahtev za potpuni invaliditet.<\/p>\n\n\n\n<p class=\"wp-block-paragraph\" style=\"font-size:10px\">SOURCE:<a href=\"https:\/\/wgntv.com\/news\/illinois\/pritzker-signs-law-that-benefits-chicago-first-responders-disabled-by-covid\/\" target=\"_blank\" rel=\"noreferrer noopener\"> WGN TV<\/a> | FOTO: WGN TV<\/p>","protected":false},"excerpt":{"rendered":"<p>Guverner Pritzker je u sredu 10. maja potpisao zakon kojim se pru\u017ea puna invalidnina \u010dika\u0161kim policajcima i vatrogascima pogo\u0111enim COVID-19 pandemijom. Zakon se odnosi na period pandemije pre nego \u0161to su vakcine bile dostupne. Zakon o slu\u017ebenoj du\u017enosti, HB3162, osigurava invalidninu u visini od 75% plate, plus zdravstveno osiguranje za svakoga pojedinca nesposobnog za rad [&hellip;]<\/p>\n","protected":false},"author":3,"featured_media":0,"comment_status":"","ping_status":"","sticky":false,"template":"","format":"standard","meta":{"footnotes":""},"categories":[368,653,369],"tags":[538,457,370,13393,38293,10965,42185,380,568,800],"class_list":["post-33156","post","type-post","status-publish","format-standard","hentry","category-vesti-amerika","category-cikago","category-vesti","tag-amerika","tag-chicago","tag-cikago","tag-guverner-ilinoisa","tag-guverner-pritzker","tag-invaliditet","tag-novi-zakon-ilinoisa","tag-pandemija","tag-sad","tag-zakon"],"_links":{"self":[{"href":"https:\/\/chicagodesavanja.us\/en\/wp-json\/wp\/v2\/posts\/33156","targetHints":{"allow":["GET"]}}],"collection":[{"href":"https:\/\/chicagodesavanja.us\/en\/wp-json\/wp\/v2\/posts"}],"about":[{"href":"https:\/\/chicagodesavanja.us\/en\/wp-json\/wp\/v2\/types\/post"}],"author":[{"embeddable":true,"href":"https:\/\/chicagodesavanja.us\/en\/wp-json\/wp\/v2\/users\/3"}],"replies":[{"embeddable":true,"href":"https:\/\/chicagodesavanja.us\/en\/wp-json\/wp\/v2\/comments?post=33156"}],"version-history":[{"count":0,"href":"https:\/\/chicagodesavanja.us\/en\/wp-json\/wp\/v2\/posts\/33156\/revisions"}],"wp:attachment":[{"href":"https:\/\/chicagodesavanja.us\/en\/wp-json\/wp\/v2\/media?parent=33156"}],"wp:term":[{"taxonomy":"category","embeddable":true,"href":"https:\/\/chicagodesavanja.us\/en\/wp-json\/wp\/v2\/categories?post=33156"},{"taxonomy":"post_tag","embeddable":true,"href":"https:\/\/chicagodesavanja.us\/en\/wp-json\/wp\/v2\/tags?post=33156"}],"curies":[{"name":"WP","href":"https:\/\/api.w.org\/{rel}","templated":true}]}}