{"id":32996,"date":"2023-05-25T06:15:00","date_gmt":"2023-05-25T06:15:00","guid":{"rendered":"https:\/\/chicagodesavanja.us\/dragan-pesic-u-americi-je-vazno-da-radis-i-placas-porez\/"},"modified":"2023-05-25T06:15:00","modified_gmt":"2023-05-25T06:15:00","slug":"dragan-pesic-u-americi-je-vazno-da-radis-i-placas-porez","status":"publish","type":"post","link":"https:\/\/chicagodesavanja.us\/en\/vesti\/dragan-pesic-u-americi-je-vazno-da-radis-i-placas-porez\/","title":{"rendered":"Dragan Pe\u0161i\u0107 iz \u010cikaga: ,,U Americi je va\u017eno samo da radi\u0161 i da pla\u0107a\u0161 porez\u201c"},"content":{"rendered":"<p class=\"wp-block-paragraph\">\u017divot mo\u017ee da se promeni za jedan sekund. Bojim se da smo toga sve vi\u0161e svesni kako nastupaju neke zrelije godine. \u010cesto i sami pri\u010damo o nekom pro\u0161lom vremenu, prise\u0107aju\u0107i se kako nam je tada bilo lepo, a kako je sada \u017eivot mnogo te\u017ei i izazovniji. To je prvi znak da ulazimo u neke zrelije godine. Ako tome dodamo i to da vi\u0161e nismo jedinke koje su u\u0161u\u0161kane u roditeljkom gnezdu ve\u0107 da smo mi sada oni koji brinu o nekom, stvari su mnogo slo\u017eenije. Postoji jedan \u010dovek koji je oti\u0161ao da \u017eivi tamo gde nije \u017eeleo zarad budu\u0107nosti svoje dece. Pa\u017eljivo je gradio svoj put, daleko od svega \u0161to voli imaju\u0107i sve vreme zacrtan cilj, a to je da dovede svoju decu u Ameriku na \u0161kolovanje. Njegovo ime je Dragan Pe\u0161i\u0107.<\/p>\n\n\n\n<p class=\"wp-block-paragraph\">Dragan je ro\u0111en u Ni\u0161u, najve\u0107em gradu na jugu Srbije. Zahvaljuju\u0107i restoranu kojeg je bio vlasnik, dobio je radnu vizu i prvi put oti\u0161ao u \u010cikago 2000. godine kod svog kolege peva\u010da. U Americi je obi\u0161ao nekoliko gradova, ali je ostao razo\u010daran \u017eivotom koji se tamo \u017eivi i za mesec dana se vratio u Srbiju gde je nastavio da radi u svom restoranu koji je poslovao veoma dobro. Tako\u0111e, posao u kafani u kom je muzika neizostavna, bilo je njegovo prirodno stani\u0161te. Kada se o\u017eenio i dobio decu, kroz njihovo odrastanje shvatio je da oni nemaju budu\u0107nost u Srbiji i da tada kao vlasnik restorana i neko ko je godinama bio nadre\u0111eni drugima, mora spakovati kofere i oti\u0107i. Tako je po\u010dela njegova pri\u010da u Americi, koja \u0107e se kako on ka\u017ee, ukoliko bude bilo sve po planu, za \u010detiri godine sre\u0107no i uspe\u0161no zavr\u0161iti, a on \u0107e se vratiti tamo gde je sve ove godine i \u010dekao da se vrati, u Srbiju.<\/p>\n\n\n\n<p class=\"wp-block-paragraph\"><em>Po\u0161tovani, u Ni\u0161u ste dr\u017eali restoran Akord. Kakva se\u0107anja nosite iz tog perioda?<\/em><\/p>\n\n\n\n<p class=\"wp-block-paragraph\">Restoran ,,Akord\u201c sam otvorio 1992. godine po povratku iz Nema\u010dke. Kada je po\u010deo raspad SFRJ, nisam \u017eeleo da idem ponovo na zapad i tada sam doneo odluku da restoran napravim u ku\u0107i i da probam ne\u0161to da uradim u zemlji u kojoj sam se rodio. Restoran je radio veoma dobro i za kratko vreme sam napravio veoma dobar imid\u017e u Ni\u0161u. Bio sam veoma ponosan na sebe \u0161to sam sa svojih tada 26 godina uspeo ne\u0161to da uradim u zemlji koja se raspadala. Bilo je tu mnogo lepih i manje lepih trenutaka kao i u svakom poslu, ali ubrzo sam shvatio da je to sastavni deo svakog posla i da ne postoji idealno. Zahvaljuju\u0107i tom poslu sam i dobio radnu vizu za Ameriku u periodu kada je to bilo gotovo nemogu\u0107e.<\/p>\n\n\n\n<figure class=\"wp-block-image size-large\"><img decoding=\"async\" src=\"https:\/\/aktuelnosti.us\/wp-content\/uploads\/2023\/05\/PESA-BAZEN-473x1024.jpg\" alt=\"\" class=\"wp-image-121653\" \/><figcaption class=\"wp-element-caption\">Dragan Pe\u0161i\u0107, foto: privatna arhiva<\/figcaption><\/figure>\n\n\n\n<p class=\"wp-block-paragraph\"><\/p>\n\n\n\n<p class=\"wp-block-paragraph\"><em>Za\u0161to ste odlu\u010dili da se preselite u Ameriku?<\/em><\/p>\n\n\n\n<p class=\"wp-block-paragraph\">Prvi put sam u \u010cikago oti\u0161ao kod svog kolege peva\u010da i tamo proveo mesec dana. Vratio sam se tada veoma razo\u010daran na\u010dinom \u017eivota tamo jer se samo radi i spava i nema\u0161 vremena za bilo \u0161ta drugo. Nakon 16 godina sam shvatio da moja deca nemaju nikakvu budu\u0107nost u Srbiji i odlazim ponovo u \u010cikago ostavljaju\u0107i svoje roditelje, \u017eenu i decu kako bih uradio ne\u0161to za njihovu budu\u0107nost.<\/p>\n\n\n\n<p class=\"wp-block-paragraph\"><em>Ono \u0161to je interesantno, to je da ste imali priliku da radite i u jednoj prikolici u Indijani?<\/em><\/p>\n\n\n\n<p class=\"wp-block-paragraph\">Nakon svog ponovnog povratka u \u010cikago 2016. godine krenuo sam prvo sa muzikom, a ubrzo nakon toga sam po\u010deo da radim u restoranu ,,\u017dupa\u201c koji je u to vreme bio najaktuelniji restoran u \u010cikagu. \u010cetiri dana u nedelji sam radio u kuhinji, a vikendom svirao. Posle par meseci u Americi sam promenio posao i po\u010deo da radim u Indijani na jednoj benzinskoj pumpi u prikolici za brzu hranu i gotova kuvana jela gde je svra\u0107alo mnogo na\u0161ih ljudi iz biv\u0161e SFRJ, tj. voza\u010da kamiona. Dakle, to je bila kamionska prikolica pretvorena u restoran brze hrane u kojoj nema\u0161 ni vodu, ni toalet, ni neke od elementarnih stvari potrebnih za ugostiteljsku delatnost kao \u0161to je potrebno u Srbiji. Tada sam shvatio da je u Americi sve mogu\u0107e, samo treba da radi\u0161 i pla\u0107a\u0161 porez. U Indijani sam radio godinu dana i u tom periodu sam zavr\u0161io voza\u010dki ispit za kamion jer je to ovde glavno zanimanje kod na\u0161e populacije.<\/p>\n\n\n\n<figure class=\"wp-block-image size-large\"><img decoding=\"async\" src=\"https:\/\/aktuelnosti.us\/wp-content\/uploads\/2023\/05\/PESA-HARMONIKA-768x1024.jpg\" alt=\"\" class=\"wp-image-121651\" \/><figcaption class=\"wp-element-caption\">U restoranu \u017dupa Dragan je \u010detiri dana u nedelji radio u kuhinji, a vikendom svirao<\/figcaption><\/figure>\n\n\n\n<p class=\"wp-block-paragraph\"><\/p>\n\n\n\n<p class=\"wp-block-paragraph\"><em>Gde ste radili nakon polo\u017eenog voza\u010dkog ispita za kamion?<\/em><\/p>\n\n\n\n<p class=\"wp-block-paragraph\">\u010cim sam dobio dozvolu po\u010deo sam da radim u kamionskoj kompaniji koju dr\u017ei na\u0161 \u010dovek iz Kraljeva, a koja ima ugovor sa Fordom. To je kompanija u kojoj radim ve\u0107 5 godina i u kojoj mislim da \u0107u ostati do penzije jer sam zadovoljan uslovima. Po\u0161to radim u lokalu, mogu kada do\u0111em ku\u0107i da se posvetim deci i budem sa njima \u0161to nije slu\u010daj kod voza\u010da kamiona. Najve\u0107i problem kod voza\u010da kamiona je taj \u0161to nikada niste kod ku\u0107e. Odete od ku\u0107e na nekoliko nedelja i vratite se na vikend i onda sve ispo\u010detka. Dok se okrenete, pro\u0111u godine, deca porastu, a da ih vi niste ni videli. To je cena koja se pla\u0107a. Zbog toga sam se ja opredelio za lokalni posao, kako bih mogao da se posvetim i deci, jer sam zbog njih i do\u0161ao.<\/p>\n\n\n\n<p class=\"wp-block-paragraph\"><em>I Va\u0161a deca su se kako ste i planirali preselila u Ameriku i Vi ste ostvarili svoj cilj. Kakav je utisak na njih ostavila Amerika i kako su se uklopili?<\/em><\/p>\n\n\n\n<p class=\"wp-block-paragraph\">Deca su se brzo adaptirala na ovaj sistem i odmah posle mesec dana su na\u0161li jedan posao u marketu i zara\u0111ivali svoj d\u017eeparac. Bili su veoma vredni na poslu i u \u0161koli, toliko da su tri puta sa njima radili intervju za lokalne \u010dika\u0161ke novine, kao i srpski Blic. Po zavr\u0161etku srednje \u0161kole su po\u010deli da rade, nisu hteli da upisuju koled\u017e iako su dobili stipendiju na osnovu dobrog uspeha u \u0161koli i u sportu, jer ne \u017eele da ostanu ovde do kraja. Bez obzira na sve pogodnosti ovog sistema, njima veoma nedostaje Srbija i \u017eele da se vrate.<\/p>\n\n\n\n<figure class=\"wp-block-image size-large\"><img decoding=\"async\" src=\"https:\/\/aktuelnosti.us\/wp-content\/uploads\/2023\/05\/PESA-SINOVI-1024x768.jpg\" alt=\"\" class=\"wp-image-121648\" \/><figcaption class=\"wp-element-caption\">Deca su se brzo adaptirala na ameri\u010dki sistem<\/figcaption><\/figure>\n\n\n\n<p class=\"wp-block-paragraph\"><\/p>\n\n\n\n<p class=\"wp-block-paragraph\"><em>Kakvo je ameri\u010dko \u0161kolovanje i koje su razlike u odnosu na na\u0161e \u0161kolstvo (koliko traju \u010dasovi, koliko deca provode vremena u \u0161koli, da li je lak\u0161e ili te\u017ee\u2026)?<\/em><\/p>\n\n\n\n<p class=\"wp-block-paragraph\">Ovde \u0161kolski \u010das traje 50 minuta. Za vreme \u010dasa mo\u017ee\u0161 da jede\u0161 i pije\u0161 \u0161ta god \u017eeli\u0161. Svaki \u010das nisi sa istim \u0111acima, jer to zavisi od smera koji si izabrao. Zajedno na \u010dasu mogu biti \u0111aci prvog, drugog, tre\u0107eg, \u010detvrtog ili zavr\u0161nog razreda. Kada se u\u0111e u \u0161kolu dok traje nastava niko iz \u0161kole ne mo\u017ee da iza\u0111e od dece, a da Vas odmah ne pozove nadle\u017ena slu\u017eba, \u0161to je odnosu na na\u0161e \u0161kolstvo mnogo bolje. Me\u0111utim, postoje i stvari koje su mnogo lo\u0161ije. Na primer na \u010dasu matematike je obavezno da koristi\u0161 digitron prilikom re\u0161avanja zadataka. Nema postupnog re\u0161avanja zadatka, ni tablice mno\u017eenja, sabiranja i oduzimanja \u0161to je prava katastrofa, jer deca ne znaju ni\u0161ta da izra\u010dunaju bez digitrona.<\/p>\n\n\n\n<p class=\"wp-block-paragraph\"><em>Kakvi su dalji planovi Va\u0161e dece?<\/em><\/p>\n\n\n\n<p class=\"wp-block-paragraph\">Za par godina planiramo trajni povratak u Srbiju. Zato deca sada vredno radno na usavr\u0161avanju jo\u0161 jednog jezika pored engleskog, kako bi mogli da rade onlajn iz Srbije za jednu od kompanija. Uz sve to, stariji sin se i uspe\u0161no bavi trejdovanjem na platformi Forex (jedan vid berze) tako da mogu da funkcioni\u0161u iz Srbije.<\/p>\n\n\n\n<p class=\"wp-block-paragraph\"><em>Koliko Vam je ostalo do penzije i kako planirate da provodite vreme u Srbiji?<\/em><\/p>\n\n\n\n<p class=\"wp-block-paragraph\">Jo\u0161 \u010detiri godine. Po svemu sude\u0107i, osta\u0107u do kraja u Fordu i uporedno sa tim svirati u kafani, \u0161to i jeste moje primarno zanimanje i moj \u017eivot, jer sam prvu put svirao u kafani u petom razredu osnovne \u0161kole. Nadam se da \u0107u po povratku u Srbiju zatvoriti ovaj turbulentni na\u010din \u017eivota i otvoriti jedno mirno poglavlje bez stresa i bez gledanja na sat, a sa puno dru\u017eenja sa meni dragim osobama, jer mi to veoma nedostaje.<\/p>\n\n\n\n<figure class=\"wp-block-image size-large\"><img decoding=\"async\" src=\"https:\/\/aktuelnosti.us\/wp-content\/uploads\/2023\/05\/PESA-SENTISAJZER-768x1024.jpg\" alt=\"\" class=\"wp-image-121649\" \/><figcaption class=\"wp-element-caption\">Dragan je prvi put svirao u kafani u petom razredu osnovne \u0161kole<\/figcaption><\/figure>\n\n\n\n<p class=\"wp-block-paragraph\"><\/p>\n\n\n\n<p class=\"wp-block-paragraph\"><em>I za kraj ovog intervjua, po Va\u0161em mi\u0161ljenju, \u0161ta je ono \u0161to Amerika pru\u017ea, a \u0161ta bi bili njeni nedostaci?<\/em><\/p>\n\n\n\n<p class=\"wp-block-paragraph\">Bez obzira na sve mogu\u0107nosti koje pru\u017ea Amerika u nekom ekonomskom smislu, neke stvari ne mogu da se nadoknade, a to je socijalni \u017eivot i dru\u017eenje sa ro\u0111acima i prijateljima. To je jednostavno nemogu\u0107e zbog veoma brzog na\u010dina \u017eivota, veli\u010dine grada, gu\u017eve u saobra\u0107aju. Posle provedenih 10 do 12 sati na poslu i minimum jo\u0161 2 sata na odlazak i dolazak ku\u0107i, nemate snage za bilo \u0161ta drugo i to je ono \u0161to nedostaje.<\/p>\n\n\n\n<p class=\"wp-block-paragraph\">Draganu i njegovoj porodici \u017eelimo da im brzo pro\u0111u godine do nekih novih zacrtanih planova i ciljeva i da svi zajedno zaslu\u017eeno u\u017eivaju tamo gde \u0107e im srce biti puno, a oni sre\u0107ni i zadovoljni.<\/p>\n\n\n\n<p class=\"wp-block-paragraph\" style=\"font-size:10px\">PI\u0160E: SUZANA GAJI\u0106 RADIVOJEVI\u0106 I FOTO: PRIVATNA ARHIVA<\/p>","protected":false},"excerpt":{"rendered":"<p>\u017divot mo\u017ee da se promeni za jedan sekund. Bojim se da smo toga sve vi\u0161e svesni kako nastupaju neke zrelije godine. \u010cesto i sami pri\u010damo o nekom pro\u0161lom vremenu, prise\u0107aju\u0107i se kako nam je tada bilo lepo, a kako je sada \u017eivot mnogo te\u017ei i izazovniji. To je prvi znak da ulazimo u neke zrelije [&hellip;]<\/p>\n","protected":false},"author":3,"featured_media":0,"comment_status":"","ping_status":"","sticky":false,"template":"","format":"standard","meta":{"wpai_generated_summary":"","footnotes":""},"categories":[368,653,599],"tags":[538,457,370,48480,9561,623,858,30604,48481,48482,864,631,3579],"class_list":["post-32996","post","type-post","status-publish","format-standard","hentry","category-vesti-amerika","category-cikago","category-predstavljamo","tag-amerika","tag-chicago","tag-cikago","tag-dragan-pesic","tag-muzicar","tag-muzika","tag-nis","tag-povratak-u-srbiju","tag-restoran-akord","tag-restoran-zupa","tag-srbi-u-americi","tag-srbija","tag-zivot-u-americi-2"],"_links":{"self":[{"href":"https:\/\/chicagodesavanja.us\/en\/wp-json\/wp\/v2\/posts\/32996","targetHints":{"allow":["GET"]}}],"collection":[{"href":"https:\/\/chicagodesavanja.us\/en\/wp-json\/wp\/v2\/posts"}],"about":[{"href":"https:\/\/chicagodesavanja.us\/en\/wp-json\/wp\/v2\/types\/post"}],"author":[{"embeddable":true,"href":"https:\/\/chicagodesavanja.us\/en\/wp-json\/wp\/v2\/users\/3"}],"replies":[{"embeddable":true,"href":"https:\/\/chicagodesavanja.us\/en\/wp-json\/wp\/v2\/comments?post=32996"}],"version-history":[{"count":0,"href":"https:\/\/chicagodesavanja.us\/en\/wp-json\/wp\/v2\/posts\/32996\/revisions"}],"wp:attachment":[{"href":"https:\/\/chicagodesavanja.us\/en\/wp-json\/wp\/v2\/media?parent=32996"}],"wp:term":[{"taxonomy":"category","embeddable":true,"href":"https:\/\/chicagodesavanja.us\/en\/wp-json\/wp\/v2\/categories?post=32996"},{"taxonomy":"post_tag","embeddable":true,"href":"https:\/\/chicagodesavanja.us\/en\/wp-json\/wp\/v2\/tags?post=32996"}],"curies":[{"name":"WP","href":"https:\/\/api.w.org\/{rel}","templated":true}]}}