{"id":32959,"date":"2023-05-28T06:10:00","date_gmt":"2023-05-28T06:10:00","guid":{"rendered":"https:\/\/chicagodesavanja.us\/snage-kosovske-policije-pomogle-albanskim-gradonacelnicima\/"},"modified":"2023-05-28T06:10:00","modified_gmt":"2023-05-28T06:10:00","slug":"snage-kosovske-policije-pomogle-albanskim-gradonacelnicima","status":"publish","type":"post","link":"https:\/\/chicagodesavanja.us\/en\/vesti\/snage-kosovske-policije-pomogle-albanskim-gradonacelnicima\/","title":{"rendered":"Grenel Kurtiju: Uni\u0161tili ste \u010dvrstu vezu Kosova i SAD"},"content":{"rendered":"<p class=\"wp-block-paragraph\">Uni\u0161tili ste \u010dvrstu vezu SAD-a i Kosova. Vi ste prvi lider Kosova kojeg su osudile i demokrate i republikanci\u201c, poru\u010dio je Ri\u010dard Grenel Aljbinu Kurtiju.<\/p>\n\n\n\n<p class=\"wp-block-paragraph\">Jake snage specijalne kosovske policije pomogle su albanskim gradona\u010delnicima da u\u0111u u zgrade privremenih srpskih organa u tri severne op\u0161tine \u2013 Zve\u010danu, Zubinom Potoku i Leposavi\u0107u. Ve\u0107insko srpsko stanovni\u0161tvo ne odobrava ovaj potez.<\/p>\n\n\n\n<p class=\"wp-block-paragraph\">\u201eStrana pomo\u0107 nije pravo\u201c, poru\u010dio je nekada\u0161nji izaslanik biv\u0161eg ameri\u010dkog predsednika za dijalog Beograda i Pri\u0161tine Ri\u010dard Grenel.<\/p>\n\n\n\n<p class=\"wp-block-paragraph\">SAD podr\u017eavaju one za koje verujemo da napreduju na zapadnim vrednostima, naglasio je on, a onda poru\u010dio Vjosi Osmani: \u201eTi\u0161ina je zabrinjavaju\u0107a, dok je ha\u0161kom pritvoreniku Ha\u0161imu Ta\u010diju saop\u0161tio: \u201eHa\u0161ime Ta\u010diju, trebamo te sada\u201c, prenosi\u00a0KoSSev.<\/p>\n\n\n\n<p class=\"wp-block-paragraph\">Ulazak albanskih gradona\u010delnika u zgrade op\u0161tina je bio pra\u0107en incidentima u kojima je na desetine gra\u0111ana lak\u0161e povre\u0111eno, uglavnom od suzavca, uz petoricu policajaca. Uni\u0161tena su najmanje dva policijska vozila, od kojih je jedno zapaljeno. Upotrebljeni su suzavac i \u0161ok bombe, a u Zve\u010danu se \u010dula pucnjava, dok su gra\u0111ani nakratko postavili barikade u Leposavi\u0107u.<\/p>\n\n\n\n<p class=\"wp-block-paragraph\">Kosovski ministar unutra\u0161njih poslova \u010destitao je policiji na \u201eprofesionalizmu\u201c u za\u0161titi institucija, vladavine prava i demokratije od, kako je naglasio, \u201eorganizovanih kriminalnih grupa\u201c i \u201ebandi\u201c.<\/p>\n\n\n\n<p class=\"wp-block-paragraph\">Kosovska predsednica je postupanje kosovske policije prema \u201eVu\u010di\u0107evim nelegalnim strukturama i kriminalnim grupama\u201c ocenio kao \u201elegitiman\u201c.<\/p>\n\n\n\n<p class=\"wp-block-paragraph\">Ton reakcija me\u0111unarodnih zvani\u010dnika, posebno Sjedinjenih Dr\u017eava, KFOR-a i Nema\u010dke, bio je, me\u0111utim, zna\u010dajno druga\u010diji. Me\u0111u prvima su reagovali upravo ameri\u010dki zvani\u010dnici, uklju\u010duju\u0107i dr\u017eavnog sekretara, koji su najo\u0161trije osudili postupke kosovske vlade, posebno nasilni ulazak u zgrade privremenih organa, koji su nazvali provokacijom. Oni su tako\u0111e pozvali kosovskog premijera da zaustavi nasilne mere i fokusira se na dijalog.<\/p>\n\n\n\n<p class=\"wp-block-paragraph\">KFOR je tu akciju nazvao \u201eprisilnim ulaskom novoizabranih gradona\u010delnika u zgrade op\u0161tina\u201c i opisao je kao \u201eizuzetno opasnu\u201c za proces normalizacije.<\/p>\n\n\n\n<p class=\"wp-block-paragraph\">Nema\u010dki izaslanik, koji je hitno doleteo na Balkan nakon sino\u0107njih de\u0161avanja, osudio je tako\u0111e potez Pri\u0161tine, uz poruku da EU ne\u0107e da dozvoli da glupe odluke potisnu \u0161ansu primene Ohridskog sporazuma.<\/p>\n\n\n\n<p class=\"wp-block-paragraph\">I drugi me\u0111unarodni zvani\u010dnici su izrazili svoju osudu, u ne\u0161to bla\u017eem tonu, pozivaju\u0107i na prekid provokativnih akcija.<\/p>\n\n\n\n<p class=\"wp-block-paragraph\" style=\"font-size:10px\">SOURCE: <a href=\"https:\/\/nova.rs\/vesti\/politika\/grenel-kurtiju-unistili-ste-cvrstu-vezu-kosova-i-sad\/\" target=\"_blank\" rel=\"noreferrer noopener\">NOVA<\/a> PHOTO: SCREENSHOT<\/p>","protected":false},"excerpt":{"rendered":"<p>Uni\u0161tili ste \u010dvrstu vezu SAD-a i Kosova. Vi ste prvi lider Kosova kojeg su osudile i demokrate i republikanci\u201c, poru\u010dio je Ri\u010dard Grenel Aljbinu Kurtiju. Jake snage specijalne kosovske policije pomogle su albanskim gradona\u010delnicima da u\u0111u u zgrade privremenih srpskih organa u tri severne op\u0161tine \u2013 Zve\u010danu, Zubinom Potoku i Leposavi\u0107u. Ve\u0107insko srpsko stanovni\u0161tvo ne [&hellip;]<\/p>\n","protected":false},"author":3,"featured_media":0,"comment_status":"","ping_status":"","sticky":false,"template":"","format":"standard","meta":{"footnotes":""},"categories":[431,369],"tags":[44419,48444,48445,3715,48446,1161,568,48447,2372,1215],"class_list":["post-32959","post","type-post","status-publish","format-standard","hentry","category-svet","category-vesti","tag-albanci","tag-gradonacelnici","tag-grenel","tag-kosovo","tag-kurti","tag-policija","tag-sad","tag-sever-kosova","tag-svet","tag-vesti"],"_links":{"self":[{"href":"https:\/\/chicagodesavanja.us\/en\/wp-json\/wp\/v2\/posts\/32959","targetHints":{"allow":["GET"]}}],"collection":[{"href":"https:\/\/chicagodesavanja.us\/en\/wp-json\/wp\/v2\/posts"}],"about":[{"href":"https:\/\/chicagodesavanja.us\/en\/wp-json\/wp\/v2\/types\/post"}],"author":[{"embeddable":true,"href":"https:\/\/chicagodesavanja.us\/en\/wp-json\/wp\/v2\/users\/3"}],"replies":[{"embeddable":true,"href":"https:\/\/chicagodesavanja.us\/en\/wp-json\/wp\/v2\/comments?post=32959"}],"version-history":[{"count":0,"href":"https:\/\/chicagodesavanja.us\/en\/wp-json\/wp\/v2\/posts\/32959\/revisions"}],"wp:attachment":[{"href":"https:\/\/chicagodesavanja.us\/en\/wp-json\/wp\/v2\/media?parent=32959"}],"wp:term":[{"taxonomy":"category","embeddable":true,"href":"https:\/\/chicagodesavanja.us\/en\/wp-json\/wp\/v2\/categories?post=32959"},{"taxonomy":"post_tag","embeddable":true,"href":"https:\/\/chicagodesavanja.us\/en\/wp-json\/wp\/v2\/tags?post=32959"}],"curies":[{"name":"WP","href":"https:\/\/api.w.org\/{rel}","templated":true}]}}