{"id":32893,"date":"2023-06-02T05:15:00","date_gmt":"2023-06-02T05:15:00","guid":{"rendered":"https:\/\/chicagodesavanja.us\/bice-milo-pocasni-i-to-do-penzije\/"},"modified":"2023-06-02T05:15:00","modified_gmt":"2023-06-02T05:15:00","slug":"bice-milo-pocasni-i-to-do-penzije","status":"publish","type":"post","link":"https:\/\/chicagodesavanja.us\/en\/vesti\/bice-milo-pocasni-i-to-do-penzije\/","title":{"rendered":"Bi\u0107e Milo &#8222;po\u010dasni&#8220; i to do penzije"},"content":{"rendered":"<p class=\"wp-block-paragraph\">Doskora\u0161nji predsednik Crne Gore Milo \u0110ukanovi\u0107 prima\u0107e od narednog meseca oko 1.680 evra platu kao po\u010dasni \u0161ef dr\u017eave, pi\u0161u podgori\u010dke Vijesti.<\/p>\n\n\n\n<p class=\"wp-block-paragraph\">Kako se navodi, on je to sam tra\u017eio, na \u0161ta ima pravo po Zakonu o predsedniku.<\/p>\n\n\n\n<p class=\"wp-block-paragraph\">Kako je potvr\u0111eno Vijestima, re\u0161enje o naknadi potpisao je predsednik skup\u0161tinskog Administrativnog odbora Dragan Krapovi\u0107, a Odbor bi odluku trebalo da konstatuje na nekoj narednoj sednici.<\/p>\n\n\n\n<p class=\"wp-block-paragraph\">\u0110ukanovi\u0107, kako je propisano zakonom, ima pravo na 70 odsto zarade iz poslednjeg meseca pre prestanka funkcije, uz odgovaraju\u0107e uskla\u0111ivanje. On \u0107e koristiti naknadu kao po\u010dasni predsednik dr\u017eave do penzije.<\/p>\n\n\n\n<p class=\"wp-block-paragraph\">Po\u010dasnu titulu biv\u0161eg predsednika Crne Gore, koju je do sada imao samo Filip Vujanovi\u0107, doskora\u0161nji \u0161ef dr\u017eave mogao bi koristiti u narednih pet godina \u0161to bi se gotovo poklopilo i sa njegovim odlaskom u starosnu penziju jer \u0107e u februaru 2028. godine napuniti 66 godina.<\/p>\n\n\n\n<p class=\"wp-block-paragraph\">\u0110ukanovi\u0107 \u0107e iskoristiti mogu\u0107nosti koje mu pripadaju po isteku funkcije, od po\u010dasnog naziva, do zarade, posebne kancelarije, administrativne podr\u0161ke ali i zvani\u010dnu policijsku pratnju.<\/p>\n\n\n\n<p class=\"wp-block-paragraph\">Ta prava imaju predsednici Crne Gore koji su tu du\u017enost obavljali od obnove nezavisnosti Crne Gore (3. juna 2006. godine).<\/p>\n\n\n\n<p class=\"wp-block-paragraph\">\u0110ukanovi\u0107u je 20. maja istekao mandat predsednika Crne Gore, jer je izgubio na izborima od Jakova MIlatovi\u0107a.<\/p>\n\n\n\n<p class=\"wp-block-paragraph\" style=\"font-size:10px\">IZVOR:\u00a0KLIX.BA, <a href=\"https:\/\/www.b92.net\/info\/vesti\/index.php?yyyy=2023&amp;mm=05&amp;dd=31&amp;nav_category=167&amp;nav_id=2342796\" target=\"_blank\" rel=\"noreferrer noopener\">B92<\/a><a href=\"https:\/\/aktuelnosti.us\/\" target=\"_blank\" rel=\"noreferrer noopener\">:<\/a> FOTO: PRINTSCREEN<\/p>","protected":false},"excerpt":{"rendered":"<p>Doskora\u0161nji predsednik Crne Gore Milo \u0110ukanovi\u0107 prima\u0107e od narednog meseca oko 1.680 evra platu kao po\u010dasni \u0161ef dr\u017eave, pi\u0161u podgori\u010dke Vijesti. Kako se navodi, on je to sam tra\u017eio, na \u0161ta ima pravo po Zakonu o predsedniku. Kako je potvr\u0111eno Vijestima, re\u0161enje o naknadi potpisao je predsednik skup\u0161tinskog Administrativnog odbora Dragan Krapovi\u0107, a Odbor bi [&hellip;]<\/p>\n","protected":false},"author":1,"featured_media":0,"comment_status":"","ping_status":"","sticky":false,"template":"","format":"standard","meta":{"footnotes":""},"categories":[431,369],"tags":[43365,529,48374,23408,377,477,48375,10611],"class_list":["post-32893","post","type-post","status-publish","format-standard","hentry","category-svet","category-vesti","tag-bivsi-2","tag-crna-gora","tag-milo-djukanovic","tag-milo-dukanovic","tag-naknada","tag-penzija","tag-pocasni","tag-predsednik"],"_links":{"self":[{"href":"https:\/\/chicagodesavanja.us\/en\/wp-json\/wp\/v2\/posts\/32893","targetHints":{"allow":["GET"]}}],"collection":[{"href":"https:\/\/chicagodesavanja.us\/en\/wp-json\/wp\/v2\/posts"}],"about":[{"href":"https:\/\/chicagodesavanja.us\/en\/wp-json\/wp\/v2\/types\/post"}],"author":[{"embeddable":true,"href":"https:\/\/chicagodesavanja.us\/en\/wp-json\/wp\/v2\/users\/1"}],"replies":[{"embeddable":true,"href":"https:\/\/chicagodesavanja.us\/en\/wp-json\/wp\/v2\/comments?post=32893"}],"version-history":[{"count":0,"href":"https:\/\/chicagodesavanja.us\/en\/wp-json\/wp\/v2\/posts\/32893\/revisions"}],"wp:attachment":[{"href":"https:\/\/chicagodesavanja.us\/en\/wp-json\/wp\/v2\/media?parent=32893"}],"wp:term":[{"taxonomy":"category","embeddable":true,"href":"https:\/\/chicagodesavanja.us\/en\/wp-json\/wp\/v2\/categories?post=32893"},{"taxonomy":"post_tag","embeddable":true,"href":"https:\/\/chicagodesavanja.us\/en\/wp-json\/wp\/v2\/tags?post=32893"}],"curies":[{"name":"WP","href":"https:\/\/api.w.org\/{rel}","templated":true}]}}