{"id":32813,"date":"2023-06-07T13:01:00","date_gmt":"2023-06-07T13:01:00","guid":{"rendered":"https:\/\/chicagodesavanja.us\/predsednik-biden-posetice-cikago-28-juna\/"},"modified":"2023-06-07T13:01:00","modified_gmt":"2023-06-07T13:01:00","slug":"predsednik-biden-posetice-cikago-28-juna","status":"publish","type":"post","link":"https:\/\/chicagodesavanja.us\/en\/vesti\/predsednik-biden-posetice-cikago-28-juna\/","title":{"rendered":"Predsednik Biden \u0107e prisustvovati prikupljanju sredstava za kampanju u \u010cikagu (VIDEO)"},"content":{"rendered":"<p class=\"wp-block-paragraph\">Predsednik BIden poseti\u0107e \u010cikago 28. juna u okviru kampanje prikupljanja sredstava. Prema saop\u0161tenju za medije kampanju \u0107e organizovati guverner Ilinoisa Pritzker i njegova supruga.<\/p>\n\n\n\n<p class=\"wp-block-paragraph\">Bela ku\u0107a je u utorak 6. juna u ve\u010dernjim satima saop\u0161tila da \u0107e predsednik Biden posetiti \u010cikago 28. juna.<\/p>\n\n\n\n<p class=\"wp-block-paragraph\"><\/p>\n\n\n\n<figure class=\"wp-block-embed is-type-video is-provider-youtube wp-block-embed-youtube wp-embed-aspect-16-9 wp-has-aspect-ratio\"><div class=\"wp-block-embed__wrapper\">\n<iframe loading=\"lazy\" title=\"President Biden to visit Chicago for fundraiser\" width=\"500\" height=\"281\" src=\"https:\/\/www.youtube.com\/embed\/uXeZTun_EDw?feature=oembed\" frameborder=\"0\" allow=\"accelerometer; autoplay; clipboard-write; encrypted-media; gyroscope; picture-in-picture; web-share\" referrerpolicy=\"strict-origin-when-cross-origin\" allowfullscreen><\/iframe>\n<\/div><\/figure>\n\n\n\n<p class=\"wp-block-paragraph\"><\/p>\n\n\n\n<p class=\"wp-block-paragraph\">Portparol Pritzer-ove kampanje potvrdio je da \u0107e guverner i njegova supruga 28. juna biti doma\u0107ini prikupljanja sredstava za predsednikov fond za kampanju.<\/p>\n\n\n\n<p class=\"wp-block-paragraph\">Dodatni detalji kampanje prikupljanja sredstava treba da budu objavljeni.<\/p>\n\n\n\n<p class=\"wp-block-paragraph\" style=\"font-size:10px\">SOURCE: <a href=\"https:\/\/www.cbsnews.com\/chicago\/news\/president-biden-visiting-chicago\/\" target=\"_blank\" rel=\"noreferrer noopener\">CBS NEWS<\/a> | FOTO: CBS NEWS <\/p>","protected":false},"excerpt":{"rendered":"<p>Predsednik BIden poseti\u0107e \u010cikago 28. juna u okviru kampanje prikupljanja sredstava. Prema saop\u0161tenju za medije kampanju \u0107e organizovati guverner Ilinoisa Pritzker i njegova supruga. Bela ku\u0107a je u utorak 6. juna u ve\u010dernjim satima saop\u0161tila da \u0107e predsednik Biden posetiti \u010cikago 28. juna. Portparol Pritzer-ove kampanje potvrdio je da \u0107e guverner i njegova supruga 28. [&hellip;]<\/p>\n","protected":false},"author":3,"featured_media":0,"comment_status":"","ping_status":"","sticky":false,"template":"","format":"standard","meta":{"footnotes":""},"categories":[368,653,369],"tags":[538,457,370,13393,38293,4405,37446,12194,38526,408,33975,568],"class_list":["post-32813","post","type-post","status-publish","format-standard","hentry","category-vesti-amerika","category-cikago","category-vesti","tag-amerika","tag-chicago","tag-cikago","tag-guverner-ilinoisa","tag-guverner-pritzker","tag-ilinois","tag-ilinois-i-cikago","tag-kampanja","tag-predsednik-biden","tag-predsednik-sad","tag-prikupljanje-sredstava","tag-sad"],"_links":{"self":[{"href":"https:\/\/chicagodesavanja.us\/en\/wp-json\/wp\/v2\/posts\/32813","targetHints":{"allow":["GET"]}}],"collection":[{"href":"https:\/\/chicagodesavanja.us\/en\/wp-json\/wp\/v2\/posts"}],"about":[{"href":"https:\/\/chicagodesavanja.us\/en\/wp-json\/wp\/v2\/types\/post"}],"author":[{"embeddable":true,"href":"https:\/\/chicagodesavanja.us\/en\/wp-json\/wp\/v2\/users\/3"}],"replies":[{"embeddable":true,"href":"https:\/\/chicagodesavanja.us\/en\/wp-json\/wp\/v2\/comments?post=32813"}],"version-history":[{"count":0,"href":"https:\/\/chicagodesavanja.us\/en\/wp-json\/wp\/v2\/posts\/32813\/revisions"}],"wp:attachment":[{"href":"https:\/\/chicagodesavanja.us\/en\/wp-json\/wp\/v2\/media?parent=32813"}],"wp:term":[{"taxonomy":"category","embeddable":true,"href":"https:\/\/chicagodesavanja.us\/en\/wp-json\/wp\/v2\/categories?post=32813"},{"taxonomy":"post_tag","embeddable":true,"href":"https:\/\/chicagodesavanja.us\/en\/wp-json\/wp\/v2\/tags?post=32813"}],"curies":[{"name":"WP","href":"https:\/\/api.w.org\/{rel}","templated":true}]}}