{"id":32662,"date":"2023-06-19T05:20:00","date_gmt":"2023-06-19T05:20:00","guid":{"rendered":"https:\/\/chicagodesavanja.us\/za-10-godina-bosnu-i-hercegovinu-napustilo-600-000-stanovnika\/"},"modified":"2023-06-19T05:20:00","modified_gmt":"2023-06-19T05:20:00","slug":"za-10-godina-bosnu-i-hercegovinu-napustilo-600-000-stanovnika","status":"publish","type":"post","link":"https:\/\/chicagodesavanja.us\/en\/vesti\/za-10-godina-bosnu-i-hercegovinu-napustilo-600-000-stanovnika\/","title":{"rendered":"Za 10 godina Bosnu i Hercegovinu napustilo 600.000 stanovnika"},"content":{"rendered":"<p class=\"wp-block-paragraph\">U poslednjih 10 godina BiH je napustilo \u010dak 600.000 stanovnika, izjavila je predsednica Unije za odr\u017eivi povratak i izbeglice u BiH (UZOPI) Mirhunisa Zuki\u0107 povodom Svetskog dana izbeglica.<\/p>\n\n\n\n<p class=\"wp-block-paragraph\">Ukazuju\u0107i na problem izbeglica i raseljenih u BiH, Zuki\u0107 je rekla da kolektivni centru, uz podatak da za njihovo zatvaranje treba izgraditi jo\u0161 550 stambenih jedinica.<\/p>\n\n\n\n<p class=\"wp-block-paragraph\">Dodala je i da vi\u0161e od 43.000 aplikanata kod Ministarstva za izbeglice i raseljene osobe BiH, koji tra\u017ee obnovu svojih stambenih jedinica i istakla da su to podaci koji ukazuju na veli\u010dinu problema izbeglica i raseljenih.<\/p>\n\n\n\n<p class=\"wp-block-paragraph\">I dok se \u010deka obnova stambenih jedinica, kako je navela, u toku je iseljavanje iz Bosne i Hercegovine i onih koji su se vratili u mesta predratnog \u017eivljenja, \u010dija deca odlaze u potrazi za boljom i sigurnijom egzistencijom.<\/p>\n\n\n\n<p class=\"wp-block-paragraph\">Prema podacima UZOPI 484.996 je iseljenih zaklju\u010dno sa 2021. godinom.<\/p>\n\n\n\n<p class=\"wp-block-paragraph\">U pro\u0161loj godini iz Posavskog i Zapadnohercegova\u010dkog kantona iselilo se jo\u0161 15.000 ljudi, a iz Doboja, Dervente, Tesli\u0107a, Bosanske Gradi\u0161ke, Prijedora i Prnjavora jo\u0161 8.000 ljudi. Stoga UZOPI, prema pristiglim podacima, procenjuje da je od 2013. iz Bosne i Hercegovine iselilo 600.000 stanovnika, prenela je Fena.<\/p>\n\n\n\n<p class=\"wp-block-paragraph\" style=\"font-size:10px\">IZVOR: TANJUG, <a href=\"https:\/\/indeksonline.rs\/2023\/06\/za-10-godina-bosnu-i-hercegovinu-napustilo-600-000-stanovnika\/\" target=\"_blank\" rel=\"noreferrer noopener\">INDEXONLINE.RS<\/a><a href=\"https:\/\/aktuelnosti.us\/najnovije\/\" target=\"_blank\" rel=\"noreferrer noopener\">:<\/a> FOTO: PRINTSCREEN<\/p>","protected":false},"excerpt":{"rendered":"<p>U poslednjih 10 godina BiH je napustilo \u010dak 600.000 stanovnika, izjavila je predsednica Unije za odr\u017eivi povratak i izbeglice u BiH (UZOPI) Mirhunisa Zuki\u0107 povodom Svetskog dana izbeglica. Ukazuju\u0107i na problem izbeglica i raseljenih u BiH, Zuki\u0107 je rekla da kolektivni centru, uz podatak da za njihovo zatvaranje treba izgraditi jo\u0161 550 stambenih jedinica. Dodala [&hellip;]<\/p>\n","protected":false},"author":1,"featured_media":0,"comment_status":"","ping_status":"","sticky":false,"template":"","format":"standard","meta":{"footnotes":""},"categories":[431,369],"tags":[44533,3064,42432,43407],"class_list":["post-32662","post","type-post","status-publish","format-standard","hentry","category-svet","category-vesti","tag-10-godina","tag-bosna-i-hercegovina","tag-napustanje","tag-stanovnici"],"_links":{"self":[{"href":"https:\/\/chicagodesavanja.us\/en\/wp-json\/wp\/v2\/posts\/32662","targetHints":{"allow":["GET"]}}],"collection":[{"href":"https:\/\/chicagodesavanja.us\/en\/wp-json\/wp\/v2\/posts"}],"about":[{"href":"https:\/\/chicagodesavanja.us\/en\/wp-json\/wp\/v2\/types\/post"}],"author":[{"embeddable":true,"href":"https:\/\/chicagodesavanja.us\/en\/wp-json\/wp\/v2\/users\/1"}],"replies":[{"embeddable":true,"href":"https:\/\/chicagodesavanja.us\/en\/wp-json\/wp\/v2\/comments?post=32662"}],"version-history":[{"count":0,"href":"https:\/\/chicagodesavanja.us\/en\/wp-json\/wp\/v2\/posts\/32662\/revisions"}],"wp:attachment":[{"href":"https:\/\/chicagodesavanja.us\/en\/wp-json\/wp\/v2\/media?parent=32662"}],"wp:term":[{"taxonomy":"category","embeddable":true,"href":"https:\/\/chicagodesavanja.us\/en\/wp-json\/wp\/v2\/categories?post=32662"},{"taxonomy":"post_tag","embeddable":true,"href":"https:\/\/chicagodesavanja.us\/en\/wp-json\/wp\/v2\/tags?post=32662"}],"curies":[{"name":"WP","href":"https:\/\/api.w.org\/{rel}","templated":true}]}}