{"id":32195,"date":"2023-07-22T05:45:00","date_gmt":"2023-07-22T05:45:00","guid":{"rendered":"https:\/\/chicagodesavanja.us\/zena-i-njeno-troje-dece-pronadjeni-mrtvi-u-kuci-u-oklahomi-video\/"},"modified":"2023-07-22T05:45:00","modified_gmt":"2023-07-22T05:45:00","slug":"zena-i-njeno-troje-dece-pronadjeni-mrtvi-u-kuci-u-oklahomi-video","status":"publish","type":"post","link":"https:\/\/chicagodesavanja.us\/en\/vesti\/zena-i-njeno-troje-dece-pronadjeni-mrtvi-u-kuci-u-oklahomi-video\/","title":{"rendered":"\u017dena i njeno troje dece prona\u0111eni mrtvi u ku\u0107i u Oklahomi (VIDEO)\u00a0"},"content":{"rendered":"<p class=\"wp-block-paragraph\">\u017dena i njeno troje dece prona\u0111eni su mrtvi u ku\u0107i u Oklahomi u slu\u010daju koji se tretira kao ubistvo-samoubistvo, saop\u0161tile su vlasti.<\/p>\n\n\n\n<p class=\"wp-block-paragraph\">Tragedija se dogodila u malom gradu Verdigris, predgra\u0111u isto\u010dno od Tulse, kada je policajac koji je vozio ulicom video vatromet kako dolazi iz gara\u017ee jedne ku\u0107e, rekao je portparol Dr\u017eavnog istra\u017enog biroa Oklahome Hanter Meki, preneo je AP.<\/p>\n\n\n\n<figure class=\"wp-block-embed is-type-video is-provider-youtube wp-block-embed-youtube wp-embed-aspect-16-9 wp-has-aspect-ratio\"><div class=\"wp-block-embed__wrapper\">\n<iframe loading=\"lazy\" title=\"Oklahoma Mother and Three Children Dead in Possible Murder-Suicide\" width=\"500\" height=\"281\" src=\"https:\/\/www.youtube.com\/embed\/8VErRHvTf6Y?feature=oembed\" frameborder=\"0\" allow=\"accelerometer; autoplay; clipboard-write; encrypted-media; gyroscope; picture-in-picture; web-share\" referrerpolicy=\"strict-origin-when-cross-origin\" allowfullscreen><\/iframe>\n<\/div><\/figure>\n\n\n\n<p class=\"wp-block-paragraph\">&#8222;Policajac je ve\u0107 tada znao da ne\u0161to nije u redu, oti\u0161ao je da istra\u017ei \u0161ta se de\u0161ava i pozvao pomo\u0107&#8220;, rekao je Meki.&nbsp;<\/p>\n\n\n\n<p class=\"wp-block-paragraph\">Policajac je prema re\u010dima \u0161efa policije D\u017eeka \u0160eklforda prona\u0161ao \u017eenu i dvoje dece zaklju\u010dane u gara\u017ei.&nbsp; &nbsp;<\/p>\n\n\n\n<p class=\"wp-block-paragraph\">\u017dena je kazala da je odvela jedno dete ku\u0107i u posetu pod nadzorom i da ju je do\u010dekala naoru\u017eana \u017eena koja je uzela dete i zaklju\u010dala \u017eenu i jo\u0161 dvoje dece koja su bila sa njom u gara\u017ei, rekao je \u0160eklford.<\/p>\n\n\n\n<p class=\"wp-block-paragraph\">Nekoliko agencija je opkolilo ku\u0107u i posle tri sata bez odgovora iz ku\u0107e, Meki je rekao da su policajci u\u0161li u ku\u0107u i prona\u0161li odraslu \u017eenu i troje dece mrtve sa ranama od vatrenog oru\u017eja.<\/p>\n\n\n\n<p class=\"wp-block-paragraph\">Veruje se da je troje dece bilo staro od nekoliko meseci do oko 11 godina.\u00a0 \u00a0<\/p>\n\n\n\n<p class=\"wp-block-paragraph\" style=\"font-size:10px\">SOURCE: <a href=\"https:\/\/www.euronews.rs\/svet\/fokus\/94166\/zena-i-njeno-troje-dece-pronadeni-mrtvi-u-kuci-u-oklahomi\/vest\" target=\"_blank\" rel=\"noreferrer noopener\">EURONEWS<\/a> PHOTO: SCREENSHOT<\/p>","protected":false},"excerpt":{"rendered":"<p>\u017dena i njeno troje dece prona\u0111eni su mrtvi u ku\u0107i u Oklahomi u slu\u010daju koji se tretira kao ubistvo-samoubistvo, saop\u0161tile su vlasti. Tragedija se dogodila u malom gradu Verdigris, predgra\u0111u isto\u010dno od Tulse, kada je policajac koji je vozio ulicom video vatromet kako dolazi iz gara\u017ee jedne ku\u0107e, rekao je portparol Dr\u017eavnog istra\u017enog biroa Oklahome [&hellip;]<\/p>\n","protected":false},"author":3,"featured_media":0,"comment_status":"","ping_status":"","sticky":false,"template":"","format":"standard","meta":{"footnotes":""},"categories":[368,369],"tags":[538,544,10960,38706,1043,1215,22320],"class_list":["post-32195","post","type-post","status-publish","format-standard","hentry","category-vesti-amerika","category-vesti","tag-amerika","tag-deca","tag-kuca","tag-mrtvi","tag-oklahoma","tag-vesti","tag-zena"],"_links":{"self":[{"href":"https:\/\/chicagodesavanja.us\/en\/wp-json\/wp\/v2\/posts\/32195","targetHints":{"allow":["GET"]}}],"collection":[{"href":"https:\/\/chicagodesavanja.us\/en\/wp-json\/wp\/v2\/posts"}],"about":[{"href":"https:\/\/chicagodesavanja.us\/en\/wp-json\/wp\/v2\/types\/post"}],"author":[{"embeddable":true,"href":"https:\/\/chicagodesavanja.us\/en\/wp-json\/wp\/v2\/users\/3"}],"replies":[{"embeddable":true,"href":"https:\/\/chicagodesavanja.us\/en\/wp-json\/wp\/v2\/comments?post=32195"}],"version-history":[{"count":0,"href":"https:\/\/chicagodesavanja.us\/en\/wp-json\/wp\/v2\/posts\/32195\/revisions"}],"wp:attachment":[{"href":"https:\/\/chicagodesavanja.us\/en\/wp-json\/wp\/v2\/media?parent=32195"}],"wp:term":[{"taxonomy":"category","embeddable":true,"href":"https:\/\/chicagodesavanja.us\/en\/wp-json\/wp\/v2\/categories?post=32195"},{"taxonomy":"post_tag","embeddable":true,"href":"https:\/\/chicagodesavanja.us\/en\/wp-json\/wp\/v2\/tags?post=32195"}],"curies":[{"name":"WP","href":"https:\/\/api.w.org\/{rel}","templated":true}]}}